{"id":129028,"date":"2021-10-04T16:18:02","date_gmt":"2021-10-04T20:18:02","guid":{"rendered":"https:\/\/linitiative.ca\/International\/le-maroc-va-compter-plus-de-6-millions-de-personnes-agees-en-2030-hcp\/"},"modified":"2021-10-04T16:18:02","modified_gmt":"2021-10-04T20:18:02","slug":"le-maroc-va-compter-plus-de-6-millions-de-personnes-agees-en-2030-hcp","status":"publish","type":"post","link":"https:\/\/linitiative.ca\/International\/le-maroc-va-compter-plus-de-6-millions-de-personnes-agees-en-2030-hcp\/","title":{"rendered":"Le Maroc va compter plus de 6 millions de personnes \u00e2g\u00e9es en 2030 (HCP)"},"content":{"rendered":"<div>\n<p><img loading=\"lazy\" decoding=\"async\" width=\"900\" height=\"432\" src=\"https:\/\/linitiative.ca\/International\/wp-content\/uploads\/sites\/23\/2021\/10\/16333786824081.jpg\" class=\"attachment-post-thumbnail size-post-thumbnail wp-post-image\" alt=\"\" srcset=\"https:\/\/linitiative.ca\/International\/wp-content\/uploads\/sites\/23\/2021\/10\/16333786824081.jpg 900w, https:\/\/www.journalducameroun.com\/wp-content\/uploads\/2021\/10\/16333786824081-300x144.jpg 300w, https:\/\/www.journalducameroun.com\/wp-content\/uploads\/2021\/10\/16333786824081-768x369.jpg 768w, https:\/\/www.journalducameroun.com\/wp-content\/uploads\/2021\/10\/16333786824081-600x288.jpg 600w\" sizes=\"auto, (max-width: 900px) 100vw, 900px\"><\/p>\n<p>En 2021, pr\u00e8s de 4,3 millions sont \u00e2g\u00e9s de 60 ans et plus repr\u00e9sentant 11,7% de la population marocaine, alors qu&rsquo;ils n&rsquo;\u00e9taient que 2,4 millions en 2004, soit 8% de la population totale, selon la note d&rsquo;information du Haut Commissariat au Plan (HCP) publi\u00e9e \u00e0 l&rsquo;occasion de la Journ\u00e9e mondiale des personnes \u00e2g\u00e9es.\u00a0Cet \u00e9lan devrait se poursuivre dans les ann\u00e9es \u00e0 venir avec l&rsquo;am\u00e9lioration de l&rsquo;esp\u00e9rance de vie et la chute de la f\u00e9condit\u00e9. D&rsquo;apr\u00e8s les projections d\u00e9mographiques r\u00e9alis\u00e9es par le HCP, d&rsquo;ici 2030, l&rsquo;effectif des a\u00een\u00e9s de 60 ans et plus atteindrait un peu plus de six millions, soit une augmentation de 42% par rapport \u00e0 2021 et repr\u00e9senterait 15,4% de la population.\u00a0<\/p>\n<p>Si actuellement un peu plus de la moiti\u00e9 (51%) des seniors sont des femmes, leur part atteindrait 52,2% en 2030 en raison de l&rsquo;augmentation plus rapide de l&rsquo;esp\u00e9rance de vie \u00e0 la naissance chez le sexe f\u00e9minin. L&rsquo;effectif des personnes \u00e2g\u00e9es va s&rsquo;accro\u00eetre plus rapidement en milieu urbain qu&rsquo;en milieu rural.<\/p>\n<p>Cette situation s&rsquo;explique par l&rsquo;exode rural. Ainsi, les personnes \u00e2g\u00e9es en milieu urbain verront leur effectif se multiplier par 1,5 fois entre 2021 et 2030, passant de 2,8 millions en 2021 \u00e0 pr\u00e8s de 4,2 millions vers 2030. En revanche, en milieu rural, l&rsquo;effectif des seniors va conna\u00eetre une multiplication par un coefficient de 1,2 en passant au cours de la m\u00eame p\u00e9riode de 1,5 million \u00e0 environ 1,8 million.<\/p>\n<p>Cet article <a rel=\"nofollow\" href=\"https:\/\/www.journalducameroun.com\/le-maroc-va-compter-plus-de-6-millions-de-personnes-agees-en-2030-hcp\/\">Le Maroc va compter plus de 6 millions de personnes \u00e2g\u00e9es en 2030 (HCP)<\/a> est apparu en premier sur <a rel=\"nofollow\" href=\"https:\/\/www.journalducameroun.com\/\">Journal du Cameroun<\/a>.<\/p>\n<\/div>\n<p>Auteur: APA News<br \/>\n<a href=\"https:\/\/www.journalducameroun.com\/le-maroc-va-compter-plus-de-6-millions-de-personnes-agees-en-2030-hcp\/\">Cliquez ici pour lire l&rsquo;article depuis sa source.<\/a><\/p>\n","protected":false},"excerpt":{"rendered":"<p>En 2021, pr\u00e8s de 4,3 millions sont \u00e2g\u00e9s de 60 ans et plus repr\u00e9sentant 11,7% de la population marocaine, alors qu&rsquo;ils n&rsquo;\u00e9taient que 2,4 millions en 2004, soit 8% de la population totale, selon la note d&rsquo;information du Haut Commissariat au Plan (HCP) publi\u00e9e \u00e0 l&rsquo;occasion de la Journ\u00e9e mondiale des personnes \u00e2g\u00e9es.\u00a0Cet \u00e9lan devrait [&hellip;]<\/p>\n","protected":false},"author":1965,"featured_media":0,"comment_status":"closed","ping_status":"closed","sticky":false,"template":"","format":"standard","meta":{"fifu_image_url":"https:\/\/www.journalducameroun.com\/wp-content\/uploads\/2021\/10\/16333786824081.jpg","fifu_image_alt":"Le Maroc va compter plus de 6 millions de personnes \u00e2g\u00e9es en 2030 (HCP)","footnotes":""},"categories":[73,82],"tags":[],"class_list":["post-129028","post","type-post","status-publish","format-standard","hentry","category-actualite","category-cameroun"],"_links":{"self":[{"href":"https:\/\/linitiative.ca\/International\/wp-json\/wp\/v2\/posts\/129028","targetHints":{"allow":["GET"]}}],"collection":[{"href":"https:\/\/linitiative.ca\/International\/wp-json\/wp\/v2\/posts"}],"about":[{"href":"https:\/\/linitiative.ca\/International\/wp-json\/wp\/v2\/types\/post"}],"author":[{"embeddable":true,"href":"https:\/\/linitiative.ca\/International\/wp-json\/wp\/v2\/users\/1965"}],"replies":[{"embeddable":true,"href":"https:\/\/linitiative.ca\/International\/wp-json\/wp\/v2\/comments?post=129028"}],"version-history":[{"count":0,"href":"https:\/\/linitiative.ca\/International\/wp-json\/wp\/v2\/posts\/129028\/revisions"}],"wp:attachment":[{"href":"https:\/\/linitiative.ca\/International\/wp-json\/wp\/v2\/media?parent=129028"}],"wp:term":[{"taxonomy":"category","embeddable":true,"href":"https:\/\/linitiative.ca\/International\/wp-json\/wp\/v2\/categories?post=129028"},{"taxonomy":"post_tag","embeddable":true,"href":"https:\/\/linitiative.ca\/International\/wp-json\/wp\/v2\/tags?post=129028"}],"curies":[{"name":"wp","href":"https:\/\/api.w.org\/{rel}","templated":true}]}}