{"id":129030,"date":"2021-10-04T17:05:16","date_gmt":"2021-10-04T21:05:16","guid":{"rendered":"https:\/\/linitiative.ca\/International\/facebook-instagram-et-whatsapp-touches-par-une-panne-sans-precedent\/"},"modified":"2021-10-04T17:05:16","modified_gmt":"2021-10-04T21:05:16","slug":"facebook-instagram-et-whatsapp-touches-par-une-panne-sans-precedent","status":"publish","type":"post","link":"https:\/\/linitiative.ca\/International\/facebook-instagram-et-whatsapp-touches-par-une-panne-sans-precedent\/","title":{"rendered":"Facebook, Instagram et WhatsApp touch\u00e9s par une panne sans pr\u00e9c\u00e9dent"},"content":{"rendered":"<div>\n<p><img loading=\"lazy\" decoding=\"async\" width=\"780\" height=\"528\" src=\"https:\/\/linitiative.ca\/International\/wp-content\/uploads\/sites\/23\/2021\/10\/s3.reutersmedia.net_.jpeg\" class=\"attachment-post-thumbnail size-post-thumbnail wp-post-image\" alt=\"\" srcset=\"https:\/\/linitiative.ca\/International\/wp-content\/uploads\/sites\/23\/2021\/10\/s3.reutersmedia.net_.jpeg 780w, https:\/\/www.journalducameroun.com\/wp-content\/uploads\/2017\/02\/s3.reutersmedia.net_-300x203.jpeg 300w, https:\/\/www.journalducameroun.com\/wp-content\/uploads\/2017\/02\/s3.reutersmedia.net_-768x520.jpeg 768w, https:\/\/www.journalducameroun.com\/wp-content\/uploads\/2017\/02\/s3.reutersmedia.net_-650x440.jpeg 650w, https:\/\/www.journalducameroun.com\/wp-content\/uploads\/2017\/02\/s3.reutersmedia.net_-600x406.jpeg 600w\" sizes=\"auto, (max-width: 780px) 100vw, 780px\"><\/p>\n<header class=\"article__header  \">\n<div class=\"article__header-wrap\">\n<div class=\"article__heading\">\n<p class=\"article__desc\"><strong>D\u2019apr\u00e8s les premi\u00e8res constatations, le probl\u00e8me semble concerner une infrastructure majeure qui permet d\u2019\u00ab\u00a0orienter\u00a0\u00bb le trafic Internet.<\/strong><\/p>\n<\/div>\n<\/div>\n<\/header>\n<p>\u00a0<\/p>\n<p>\u00a0<\/p>\n<header class=\"article__header  \">\n<div class=\"article__header-wrap\">\n<p>\u00a0<\/p>\n<\/div>\n<\/header>\n<section class=\"article__wrapper  \">\n<article class=\"article__content old__article-content-single\">\n<p class=\"article__paragraph \">Des milliers d\u2019utilisateurs de Facebook, d\u2019Instagram \u2013 son application de partage de photos \u2013 et de WhatsApp \u2013 son application de messagerie \u2013 n\u2019ont plus acc\u00e8s \u00e0 leurs services, rapporte le site sp\u00e9cialis\u00e9\u00a0<a title=\"Nouvelle fen\u00eatre\" href=\"https:\/\/downdetector.com\/\" target=\"_blank\" rel=\"noopener\">downdetector.com<\/a>, lundi 4\u00a0octobre, ainsi que de tr\u00e8s nombreux messages d\u2019utilisateurs de ces services sur les r\u00e9seaux sociaux. La panne, sans pr\u00e9c\u00e9dent par son ampleur et sa dur\u00e9e, a \u00e9t\u00e9 d\u00e9tect\u00e9e peu avant 18\u00a0heures (heure de Paris) et se poursuivait dans la soir\u00e9e.<\/p>\n<p class=\"article__paragraph \">Downdetector dit avoir re\u00e7u plus de 50\u00a0000 rapports d\u2019incidents de la part d\u2019utilisateurs incapables de se connecter aux diff\u00e9rentes applications, ainsi qu\u2019\u00e0 Facebook Messenger, notamment depuis Washington et Paris.<\/p>\n<p class=\"article__paragraph \">Cet incident touche \u00e9galement les employ\u00e9s de la plate-forme. \u00ab\u00a0<em>C\u2019est la pagaille ici, tous les syst\u00e8mes internes sont en panne aussi\u00a0\u00bb,<\/em>\u00a0a d\u00e9clar\u00e9 une source anonyme \u00e0<a title=\"Nouvelle fen\u00eatre\" href=\"https:\/\/twitter.com\/PhilipinDC\/status\/1445108187355566086\" target=\"_blank\" rel=\"noopener\">\u00a0un journaliste d\u2019Associated Press.<\/a>\u00a0<em>\u00ab\u00a0Les employ\u00e9s n\u2019ont pas pu entrer dans les b\u00e2timents ce matin pour commencer \u00e0 \u00e9valuer l\u2019\u00e9tendue de la panne parce que leurs badges ne fonctionnaient pas pour acc\u00e9der aux portes\u00a0\u00bb,<\/em>\u00a0ajoute\u00a0<a title=\"Nouvelle fen\u00eatre\" href=\"https:\/\/twitter.com\/sheeraf\/status\/1445099150316503057?s=21\" target=\"_blank\" rel=\"noopener\">une journaliste du\u00a0<em>New York Times<\/em><\/a>.<\/p>\n<div id=\"inread-2\" class=\"dfp-slot dfp__slot dfp__inread dfp-unloaded\" data-format=\"inread\" aria-hidden=\"true\"><\/div>\n<p class=\"article__paragraph \">A Wall Street, le cours de Facebook, d\u00e9j\u00e0 en baisse en d\u00e9but de s\u00e9ance, a vu ses pertes s\u2019acc\u00e9l\u00e9rer et avait chut\u00e9 de pr\u00e8s de 6\u00a0% lundi soir.<\/p>\n<h2 class=\"article__sub-title\">Les DNS ne r\u00e9pondent plus<\/h2>\n<p class=\"article__paragraph \">Facebook n\u2019a pas imm\u00e9diatement pu expliquer l\u2019origine de la panne, ni donner une estimation de temps avant un retour \u00e0 la normale.<em>\u00a0\u00ab\u00a0Nous nous effor\u00e7ons de r\u00e9tablir la situation aussi rapidement que possible et nous vous prions de nous excuser pour tout d\u00e9sagr\u00e9ment\u00a0\u00bb<\/em>,\u00a0<a title=\"Nouvelle fen\u00eatre\" href=\"https:\/\/twitter.com\/Facebook\/status\/1445061804636479493\" target=\"_blank\" rel=\"noopener\">a d\u00e9clar\u00e9 l\u2019entreprise sur Twitter<\/a>.<\/p>\n<p class=\"article__paragraph \">D\u2019apr\u00e8s les premi\u00e8res constatations, le probl\u00e8me semble toucher une infrastructure majeure qui permet \u00ab\u00a0d\u2019orienter\u00a0\u00bb le trafic Internet. Les Domain Name Servers (DNS) utilis\u00e9s par ces trois applications, qui traduisent une adresse URL (\u00ab\u00a0facebook.com\u00a0\u00bb) en adresse IP compr\u00e9hensible par une machine (\u00ab\u00a0216.239.32.107\u00a0\u00bb), ne r\u00e9pondent plus, ce lundi soir. Une panne qui pourrait trouver son origine dans une panne des serveurs BGP de l\u2019entreprise \u2013 des machines dont le r\u00f4le, crucial, est d\u2019orienter le trafic sur Internet.<\/p>\n<div id=\"inread-7\" class=\"dfp-slot dfp__slot dfp__inread dfp-unloaded\" data-format=\"inread\" aria-hidden=\"true\"><\/div>\n<p class=\"article__paragraph \">Selon le responsable technique de l\u2019h\u00e9bergeur Cloudflare, John Graham-Cumming, les serveurs BGP de Facebook ont\u00a0<em>\u00ab\u00a0disparu d\u2019Internet\u00a0\u00bb<\/em>\u00a0<a title=\"Nouvelle fen\u00eatre\" href=\"https:\/\/twitter.com\/jgrahamc\/status\/1445065270272434176\" target=\"_blank\" rel=\"noopener\">peu avant 18\u00a0heures (heure de Paris)<\/a>. Un probl\u00e8me rare qui pourrait notamment \u00eatre li\u00e9 \u00e0 une erreur de configuration.<\/p>\n<h2 class=\"article__sub-title\">Dans la tourmente<\/h2>\n<p class=\"article__paragraph \">La plate-forme aux pr\u00e8s de 3\u00a0milliards d\u2019utilisateurs mensuels traverse l\u2019une des pires crises concernant sa r\u00e9putation depuis deux semaines, \u00e0 cause des r\u00e9v\u00e9lations d\u2019une lanceuse d\u2019alerte.<\/p>\n<p class=\"article__paragraph \">Ancienne ing\u00e9nieure et cheffe de produit chez Facebook, Frances Haugen a fait fuiter de nombreux documents internes puis t\u00e9moign\u00e9 \u00e0 visage d\u00e9couvert dans un\u00a0<a title=\"Nouvelle fen\u00eatre\" href=\"https:\/\/www.cbsnews.com\/video\/facebook-whistleblower-frances-haugen-misinformation-public-60-minutes-video-2021-10-03\/\" target=\"_blank\" rel=\"noopener\">entretien diffus\u00e9 par la cha\u00eene CBS dimanche<\/a>. Avant son d\u00e9part de l\u2019entreprise, en mai, Frances Haugen avait emport\u00e9 avec elle des documents issus de recherches men\u00e9es dans l\u2019entreprise, qu\u2019elle a confi\u00e9s notamment au\u00a0<em>Wall Street Journal<\/em>.<\/p>\n<div id=\"inread-11\" class=\"dfp-slot dfp__slot dfp__inread dfp-unloaded\" data-format=\"inread\" aria-hidden=\"true\"><\/div>\n<p class=\"article__paragraph \">Dans\u00a0<a title=\"Nouvelle fen\u00eatre\" href=\"https:\/\/www.wsj.com\/articles\/the-facebook-files-11631713039\" target=\"_blank\" rel=\"noopener\">un article publi\u00e9 mi-septembre<\/a>, le quotidien a r\u00e9v\u00e9l\u00e9, sur la base de ces informations, que l\u2019entreprise effectuait des recherches sur son r\u00e9seau social Instagram depuis trois ans pour en d\u00e9terminer les effets sur les adolescents. Les \u00e9tudes \u00e9voquent notamment les liens entre le mythe du corps f\u00e9minin id\u00e9al v\u00e9hicul\u00e9 par de nombreux contenus sur les r\u00e9seaux et les risques pour la sant\u00e9 mentale des adolescentes complex\u00e9es.<\/p>\n<p class=\"article__paragraph \">La lanceuse d\u2019alerte est aussi revenue sur le scrutin pr\u00e9sidentiel am\u00e9ricain de novembre\u00a02020, quand Facebook avait modifi\u00e9 ses algorithmes pour r\u00e9duire la diffusion de fausses informations. Selon Frances Haugen,\u00a0<em>\u00ab\u00a0d\u00e8s que l\u2019\u00e9lection a \u00e9t\u00e9 termin\u00e9e\u00a0\u00bb<\/em>, le groupe les a reconfigur\u00e9s comme avant,\u00a0<em>\u00ab\u00a0pour donner la priorit\u00e9 au profit plut\u00f4t qu\u2019\u00e0 la s\u00e9curit\u00e9\u00a0\u00bb<\/em>, a-t-elle soutenu dans son entretien \u00e0 l\u2019\u00e9mission \u00ab\u00a060 Minutes\u00a0\u00bb, sur CBS.<\/p>\n<p class=\"article__paragraph \">Elle doit \u00eatre interrog\u00e9e mardi par les s\u00e9nateurs am\u00e9ricains lors d\u2019une audition consacr\u00e9e \u00e0 l\u2019impact de Facebook et Instagram sur les jeunes utilisateurs, quelques jours apr\u00e8s une longue s\u00e9ance de questions adress\u00e9es \u00e0 Antigone Davis, responsable de la s\u00e9curit\u00e9 et de l\u2019enfance au sein de la firme.<\/p>\n<\/article>\n<\/section>\n<p>Cet article <a rel=\"nofollow\" href=\"https:\/\/www.journalducameroun.com\/facebook-instagram-et-whatsapp-touches-par-une-panne-sans-precedent\/\">Facebook, Instagram et WhatsApp touch\u00e9s par une panne sans pr\u00e9c\u00e9dent<\/a> est apparu en premier sur <a rel=\"nofollow\" href=\"https:\/\/www.journalducameroun.com\/\">Journal du Cameroun<\/a>.<\/p>\n<\/div>\n<p>Auteur: Christian DJIMADEU<br \/>\n<a href=\"https:\/\/www.journalducameroun.com\/facebook-instagram-et-whatsapp-touches-par-une-panne-sans-precedent\/\">Cliquez ici pour lire l&rsquo;article depuis sa source.<\/a><\/p>\n","protected":false},"excerpt":{"rendered":"<p>D\u2019apr\u00e8s les premi\u00e8res constatations, le probl\u00e8me semble concerner une infrastructure majeure qui permet d\u2019\u00ab\u00a0orienter\u00a0\u00bb le trafic Internet. \u00a0 \u00a0 \u00a0 Des milliers d\u2019utilisateurs de Facebook, d\u2019Instagram \u2013 son application de partage de photos \u2013 et de WhatsApp \u2013 son application de messagerie \u2013 n\u2019ont plus acc\u00e8s \u00e0 leurs services, rapporte le site sp\u00e9cialis\u00e9\u00a0downdetector.com, lundi 4\u00a0octobre, [&hellip;]<\/p>\n","protected":false},"author":1965,"featured_media":0,"comment_status":"closed","ping_status":"closed","sticky":false,"template":"","format":"standard","meta":{"fifu_image_url":"https:\/\/www.journalducameroun.com\/wp-content\/uploads\/2017\/02\/s3.reutersmedia.net_.jpeg","fifu_image_alt":"Facebook, Instagram et WhatsApp touch\u00e9s par une panne sans pr\u00e9c\u00e9dent","footnotes":""},"categories":[73,82],"tags":[],"class_list":["post-129030","post","type-post","status-publish","format-standard","hentry","category-actualite","category-cameroun"],"_links":{"self":[{"href":"https:\/\/linitiative.ca\/International\/wp-json\/wp\/v2\/posts\/129030","targetHints":{"allow":["GET"]}}],"collection":[{"href":"https:\/\/linitiative.ca\/International\/wp-json\/wp\/v2\/posts"}],"about":[{"href":"https:\/\/linitiative.ca\/International\/wp-json\/wp\/v2\/types\/post"}],"author":[{"embeddable":true,"href":"https:\/\/linitiative.ca\/International\/wp-json\/wp\/v2\/users\/1965"}],"replies":[{"embeddable":true,"href":"https:\/\/linitiative.ca\/International\/wp-json\/wp\/v2\/comments?post=129030"}],"version-history":[{"count":0,"href":"https:\/\/linitiative.ca\/International\/wp-json\/wp\/v2\/posts\/129030\/revisions"}],"wp:attachment":[{"href":"https:\/\/linitiative.ca\/International\/wp-json\/wp\/v2\/media?parent=129030"}],"wp:term":[{"taxonomy":"category","embeddable":true,"href":"https:\/\/linitiative.ca\/International\/wp-json\/wp\/v2\/categories?post=129030"},{"taxonomy":"post_tag","embeddable":true,"href":"https:\/\/linitiative.ca\/International\/wp-json\/wp\/v2\/tags?post=129030"}],"curies":[{"name":"wp","href":"https:\/\/api.w.org\/{rel}","templated":true}]}}