{"id":129034,"date":"2021-10-04T11:59:02","date_gmt":"2021-10-04T15:59:02","guid":{"rendered":"https:\/\/linitiative.ca\/International\/la-beac-revoit-a-la-hausse-ses-projections-de-croissance-pour-la-cemac-en-2021\/"},"modified":"2021-10-04T11:59:02","modified_gmt":"2021-10-04T15:59:02","slug":"la-beac-revoit-a-la-hausse-ses-projections-de-croissance-pour-la-cemac-en-2021","status":"publish","type":"post","link":"https:\/\/linitiative.ca\/International\/la-beac-revoit-a-la-hausse-ses-projections-de-croissance-pour-la-cemac-en-2021\/","title":{"rendered":"La Beac revoit \u00e0 la hausse ses projections de croissance pour la Cemac en 2021"},"content":{"rendered":"<div>\n<p>Selon le comit\u00e9 de politique mon\u00e9taire(CPM) de la Beac, organe de d\u00e9cision en mati\u00e8re de politique mon\u00e9taire et de gestion des r\u00e9serves de change, la reprise \u00e9conomique sera mod\u00e9r\u00e9e dans la zone Cemac au cours de l\u2019ann\u00e9e 2021. C\u2019est ce qu\u2019il faut retenir de mani\u00e8re globale de la 3e r\u00e9union ordinaire du CPM qui s\u2019est tenue le 27 septembre dernier par visioconf\u00e9rence. Le CPM am\u00e9liore ainsi les pr\u00e9visions faites au cours de la r\u00e9union du 28 juin o\u00f9 il tablait sur une reprise faible de l\u2019\u00e9conomie notamment \u00e0 cause des incertitudes associ\u00e9es \u00e0 la persistance de la crise sanitaire du coronavirus et les retards enregistr\u00e9s dans le d\u00e9ploiement des campagnes de vaccination. Si aujourd\u2019hui il ne bat pas en br\u00e8che les incertitudes li\u00e9es \u00e0 la pand\u00e9mie, le CPM reste pour le moins optimiste sur la reprise \u00e9conomique. \u00ab la reprise \u00e9conomique amorc\u00e9e en 2021 devrait se poursuivre, dans un contexte de recul de l\u2019incertitude au niveau mondial gr\u00e2ce aux avanc\u00e9es de la vaccination contre la Covid-19, associ\u00e9 aux gains \u00e0 tirer des r\u00e9formes structurelles engag\u00e9es dans le cadre du Pref-Cemac et des programmes de deuxi\u00e8me g\u00e9n\u00e9ration avec le FMI \u00bb peut-on lire sur le communiqu\u00e9 final ayant sanctionn\u00e9 les travaux.<\/p>\n<p><strong>Lire aussi :<\/strong> <strong><a href=\"https:\/\/ecomatin.net\/la-beac-pessimiste-sur-les-perspectives-economiques-et-monetaires-de-la-cemac\/\">La Beac pessimiste sur les perspectives \u00e9conomiques et mon\u00e9taires de la CEMAC<\/a><\/strong><\/p>\n<p>Dans les d\u00e9tails, le CPM table pour l\u2019ann\u00e9e 2021 sur un taux de croissance du PIB de 1,6% contre -1,7% en 2020. Les pr\u00e9visions pour cet indicateur au mois de juin \u00e9tait de 1,3%, d\u2019o\u00f9 un optimisme de 0,3%. Autre indicateur, c\u2019est l\u2019inflation, qui d\u2019apr\u00e8s la Beac devrait se situer \u00e0 2,0% en 2021 avant de remonter \u00e0 2,4% en 2022. Le d\u00e9ficit budg\u00e9taire quant \u00e0 lui devrait se situer \u00e0 1,7% du PIB et le taux de couverture de la monnaie devrait conna\u00eetre une l\u00e9g\u00e8re remont\u00e9e de 8 points pour se situer \u00e0 64,0% pour un accroissement des r\u00e9serves de changes de 3,71 mois d\u2019importations de biens et services \u00e0 fin 2021 et \u00e0 4,22 mois \u00e0 fin d\u00e9cembre 2022.<\/p>\n<p><strong>Lire aussi <\/strong>: <strong><a href=\"https:\/\/ecomatin.net\/refinancement-les-banques-se-ruent-vers-les-offres-de-liquidites-de-la-beac\/\">Refinancement : les banques se ruent vers les offres de liquidit\u00e9s de la Beac<\/a><\/strong><\/p>\n<p><strong>Tour de vis sur le rapatriement des devises<\/strong><\/p>\n<p>Pour renforcer les r\u00e9serves de changes de la sous-r\u00e9gion, la Beac mise sur une application rigoureuse de la nouvelle r\u00e9glementation des changes. Les compagnies p\u00e9troli\u00e8res et mini\u00e8res dont le moratoire court jusqu\u2019au 31 d\u00e9cembre seront contraints de rapatrier une partie voire la totalit\u00e9 de leurs avoirs en devises dans la sous-r\u00e9gion. Selon les informations de Ecomatin, le gouverneur de la Beac se rendra ce mois \u00e0 Washington pour rencontrer les repr\u00e9sentants des industries extractives op\u00e9rant en zone Cemac. Cette r\u00e9union qui se tient \u00e0 la Chambre de Commerce des Etats-Unis, en marge des assembl\u00e9es annuelles du FMI et de la Banque Mondiale, portera sur la mise en conformit\u00e9 des entreprises extractives vis-\u00e0-vis de la r\u00e9glementation des changes.<\/p>\n<p><strong>Lire aussi<\/strong> : <strong><a href=\"https:\/\/ecomatin.net\/cemac-la-beac-projette-une-hausse-des-reserves-de-changes\/\">Cemac : la Beac projette une hausse des r\u00e9serves de changes<\/a><\/strong><\/p>\n<p>Pour mettre en application sa r\u00e9forme, Abbas Mahamat Tolli a le soutien des pr\u00e9sidents de la Cemac et du FMI. Lors du sommet extraordinaire du 18 ao\u00fbt 2021, les chefs d\u2019Etats ont r\u00e9affirm\u00e9 leur engagement \u00e0 la \u00ab poursuite d\u2019une politique mon\u00e9taire prudente et efficace et l\u2019application judicieuse de la r\u00e9glementation des changes \u00e0 tous les secteurs d\u2019activit\u00e9s \u00bb et encourag\u00e9 la Beac \u00e0 poursuivre toutes les actions entreprises ou envisag\u00e9es dans ce domaine. Un engagement qu\u2019ils se sont tenus eux m\u00eame \u00e0 respecter en transmettant \u00e0 la banque centrale comme le pr\u00e9voit le r\u00e8glement, les contrats miniers et p\u00e9troliers sign\u00e9s avec ces entreprises, lesquels d\u00e9rogent pour la plupart \u00e0 la r\u00e9glementation des changes. La Beac a ainsi re\u00e7u, entre fin 2019 et septembre 2020, un total de 139 contrats et conventions p\u00e9troliers et miniers. Pour sa part, le Fonds mon\u00e9taire International(FMI) accentue la pression sur la Beac pour qu\u2019elle mette en \u0153uvre l\u2019exigence de rapatriement des devises des entreprises du secteur extractif, quitte \u00e0 leur permettre de b\u00e9n\u00e9ficier de comptes en monnaie \u00e9trang\u00e8res aupr\u00e8s de la Beac.<\/p>\n<p>L\u2019article <a rel=\"nofollow\" href=\"https:\/\/ecomatin.net\/la-beac-revoit-a-la-hausse-ses-projections-de-croissance-pour-la-cemac-en-2021\/\">La Beac revoit \u00e0 la hausse ses projections de croissance pour la Cemac en 2021<\/a> est apparu en premier sur <a rel=\"nofollow\" href=\"https:\/\/ecomatin.net\/\">EcoMatin<\/a>.<\/p>\n<\/div>\n<p>Auteur: Cedrick JIONGO<br \/>\n<a href=\"https:\/\/ecomatin.net\/la-beac-revoit-a-la-hausse-ses-projections-de-croissance-pour-la-cemac-en-2021\/\">Cliquez ici pour lire l&rsquo;article depuis sa source.<\/a><\/p>\n","protected":false},"excerpt":{"rendered":"<p>Selon le comit\u00e9 de politique mon\u00e9taire(CPM) de la Beac, organe de d\u00e9cision en mati\u00e8re de politique mon\u00e9taire et de gestion des r\u00e9serves de change, la reprise \u00e9conomique sera mod\u00e9r\u00e9e dans la zone Cemac au cours de l\u2019ann\u00e9e 2021. C\u2019est ce qu\u2019il faut retenir de mani\u00e8re globale de la 3e r\u00e9union ordinaire du CPM qui s\u2019est [&hellip;]<\/p>\n","protected":false},"author":1969,"featured_media":0,"comment_status":"closed","ping_status":"closed","sticky":false,"template":"","format":"standard","meta":{"fifu_image_url":"","fifu_image_alt":"","footnotes":""},"categories":[82,78],"tags":[],"class_list":["post-129034","post","type-post","status-publish","format-standard","hentry","category-cameroun","category-economie"],"_links":{"self":[{"href":"https:\/\/linitiative.ca\/International\/wp-json\/wp\/v2\/posts\/129034","targetHints":{"allow":["GET"]}}],"collection":[{"href":"https:\/\/linitiative.ca\/International\/wp-json\/wp\/v2\/posts"}],"about":[{"href":"https:\/\/linitiative.ca\/International\/wp-json\/wp\/v2\/types\/post"}],"author":[{"embeddable":true,"href":"https:\/\/linitiative.ca\/International\/wp-json\/wp\/v2\/users\/1969"}],"replies":[{"embeddable":true,"href":"https:\/\/linitiative.ca\/International\/wp-json\/wp\/v2\/comments?post=129034"}],"version-history":[{"count":0,"href":"https:\/\/linitiative.ca\/International\/wp-json\/wp\/v2\/posts\/129034\/revisions"}],"wp:attachment":[{"href":"https:\/\/linitiative.ca\/International\/wp-json\/wp\/v2\/media?parent=129034"}],"wp:term":[{"taxonomy":"category","embeddable":true,"href":"https:\/\/linitiative.ca\/International\/wp-json\/wp\/v2\/categories?post=129034"},{"taxonomy":"post_tag","embeddable":true,"href":"https:\/\/linitiative.ca\/International\/wp-json\/wp\/v2\/tags?post=129034"}],"curies":[{"name":"wp","href":"https:\/\/api.w.org\/{rel}","templated":true}]}}