{"id":129036,"date":"2021-10-04T13:28:14","date_gmt":"2021-10-04T17:28:14","guid":{"rendered":"https:\/\/linitiative.ca\/International\/le-cameroun-celebre-la-35e-edition-de-la-journee-internationale-de-lhabitat\/"},"modified":"2021-10-04T13:28:14","modified_gmt":"2021-10-04T17:28:14","slug":"le-cameroun-celebre-la-35e-edition-de-la-journee-internationale-de-lhabitat","status":"publish","type":"post","link":"https:\/\/linitiative.ca\/International\/le-cameroun-celebre-la-35e-edition-de-la-journee-internationale-de-lhabitat\/","title":{"rendered":"Le Cameroun c\u00e9l\u00e8bre la 35e \u00e9dition de la journ\u00e9e internationale de l\u2019habitat"},"content":{"rendered":"<div>\n<p>Comme \u00e0 l\u2019accoutum\u00e9e chaque 4 octobre se c\u00e9l\u00e8bre la journ\u00e9e mondiale de l\u2019habitat. Pour cette \u00e9dition 2021, c\u2019est le Cameroun en collaboration avec l\u2019ONU-Habitat qui re\u00e7oit cette c\u00e9l\u00e9bration plac\u00e9e sous le th\u00e8me \u00abAcc\u00e9l\u00e9rer l\u2019action urbaine pour un monde sans carbone \u00bb. Cette d\u00e9cision fait suite \u00e0 la signature d\u2019un accord virtuelle entre la ministre camerounaise de l\u2019Habitat et du D\u00e9veloppement urbain (Minhdu), C\u00e9lestine Ketcha-Court\u00e8s, et la Secr\u00e9taire g\u00e9n\u00e9rale adjointe des Nations unies et Directrice ex\u00e9cutive de l\u2019ONU-Habitat, Maimunah Mohd Sharif, le 31 ao\u00fbt 2021. La c\u00e9l\u00e9bration qui a lieu dans la capitale politique Yaound\u00e9, se tient sous format hybride (en pr\u00e9sentiel et en ligne).<\/p>\n<p><strong>Lire aussi :<\/strong> <strong><a href=\"https:\/\/ecomatin.net\/la-sic-adopte-un-budget-de-186-milliards-de-fcfa-pour-lannee-2021\/\">La Sic adopte un budget de 18,6 milliards de FCFA pour l\u2019ann\u00e9e 2021<\/a><\/strong><\/p>\n<p>Pour la c\u00e9l\u00e9bration de cette 35e \u00e9dition, un ensemble d\u2019activit\u00e9s \u00e9taient alors au menu. Il s\u2019agit de la remise de prix (le prix Scroll of Honour de l\u2019ONU-Habitat, le prix des villes les plus propres du Concours national d\u2019hygi\u00e8ne et salubrit\u00e9 \u00e0 travers le Cameroun), des tables rondes. Pour le cas pr\u00e9cis du Concours villes propres, c\u2019est la ville d\u2019Ebolowa 1<sup>er<\/sup>\u00a0qui a remport\u00e9 l\u2019\u00e9dition 2021, avec une cagnotte de 100 millions de Fcfa. Ledit concours a pour \u00ab objectif vis\u00e9 de renforcer la participation collective des acteurs (\u00e9lus locaux des 10 R\u00e9gions, autorit\u00e9s traditionnelles et populations) dans l\u2019entretien et la pr\u00e9servation des espaces urbains dans le cadre de la 35\u00e8me \u00e9dition de la Journ\u00e9e mondiale de l\u2019Habitat \u00bb, a indiqu\u00e9 Celestine Ketcha Courtes.<\/p>\n<p><strong>Lire aussi :<\/strong> <strong><a href=\"https:\/\/ecomatin.net\/limbe-ville-la-plus-propre-du-cameroun\/\">Limbe, ville la plus propre du Cameroun<\/a><\/strong><\/p>\n<p>D\u00e9j\u00e0 en pr\u00e9lude \u00e0 cet \u00e9v\u00e8nement, une s\u00e9rie d\u2019activit\u00e9s avaient d\u00e9j\u00e0 \u00e9t\u00e9 organis\u00e9. Il s\u2019agit notamment des tables rondes avec les diff\u00e9rents acteurs impliqu\u00e9s dans la question du logement et de l\u2019habitat, les acteurs du secteur de la d\u00e9centralisation et du d\u00e9veloppement urbain. L\u2019on a par exemple l\u2019\u00e9change organis\u00e9 avec le Feicom sur la r\u00e9novation des villes, au regard de l\u2019avanc\u00e9e fulgurante des bidonvilles, une visite du camp SIC d\u2019Olembe, en compagnie de la secr\u00e9taire g\u00e9n\u00e9rale d\u2019ONU-Habitat Ma\u00efmunah Mohd Sharif. A cela l\u2019on a aussi, le village de l\u2019habitat qui a pris ses quartiers \u00e0 l\u2019H\u00f4tel de ville de Yaound\u00e9\u2026<\/p>\n<p><strong>Lire aussi :<\/strong> <strong><a href=\"https:\/\/ecomatin.net\/cameroun-bientot-les-logements-sociaux-de-3-chambres-a-75-millions-de-fcfa\/\">Cameroun : bient\u00f4t les logements sociaux de 3 chambres \u00e0 7,5 millions de FCFA<\/a><\/strong><\/p>\n<p>La journ\u00e9e mondiale de l\u2019habitat tire son essence de la r\u00e9solution 40\/202 du 17 octobre 1985, de l\u2019Assembl\u00e9e G\u00e9n\u00e9rale des Nations Unies. Celle-ci qui d\u00e9signe le premier lundi du mois d\u2019octobre de chaque ann\u00e9e comme \u2018\u2019Journ\u00e9e Mondiale de l\u2019Habitat\u2019\u2019. Ceci afin de mettre en lumi\u00e8re une s\u00e9rie de questions relatives \u00e0 l\u2019urbanisation durable. La c\u00e9l\u00e9bration internationale, accueillie chaque ann\u00e9e par une ville diff\u00e9rente, constitue le principal point de mire avec une participation au plus haut niveau.<\/p>\n<p>L\u2019article <a rel=\"nofollow\" href=\"https:\/\/ecomatin.net\/le-cameroun-celebre-la-35e-edition-de-la-journee-internationale-de-lhabitat\/\">Le Cameroun c\u00e9l\u00e8bre la 35e \u00e9dition de la journ\u00e9e internationale de l\u2019habitat<\/a> est apparu en premier sur <a rel=\"nofollow\" href=\"https:\/\/ecomatin.net\/\">EcoMatin<\/a>.<\/p>\n<\/div>\n<p>Auteur: Cindy MBALA<br \/>\n<a href=\"https:\/\/ecomatin.net\/le-cameroun-celebre-la-35e-edition-de-la-journee-internationale-de-lhabitat\/\">Cliquez ici pour lire l&rsquo;article depuis sa source.<\/a><\/p>\n","protected":false},"excerpt":{"rendered":"<p>Comme \u00e0 l\u2019accoutum\u00e9e chaque 4 octobre se c\u00e9l\u00e8bre la journ\u00e9e mondiale de l\u2019habitat. Pour cette \u00e9dition 2021, c\u2019est le Cameroun en collaboration avec l\u2019ONU-Habitat qui re\u00e7oit cette c\u00e9l\u00e9bration plac\u00e9e sous le th\u00e8me \u00abAcc\u00e9l\u00e9rer l\u2019action urbaine pour un monde sans carbone \u00bb. Cette d\u00e9cision fait suite \u00e0 la signature d\u2019un accord virtuelle entre la ministre camerounaise [&hellip;]<\/p>\n","protected":false},"author":1969,"featured_media":0,"comment_status":"closed","ping_status":"closed","sticky":false,"template":"","format":"standard","meta":{"fifu_image_url":"","fifu_image_alt":"","footnotes":""},"categories":[82,78],"tags":[],"class_list":["post-129036","post","type-post","status-publish","format-standard","hentry","category-cameroun","category-economie"],"_links":{"self":[{"href":"https:\/\/linitiative.ca\/International\/wp-json\/wp\/v2\/posts\/129036","targetHints":{"allow":["GET"]}}],"collection":[{"href":"https:\/\/linitiative.ca\/International\/wp-json\/wp\/v2\/posts"}],"about":[{"href":"https:\/\/linitiative.ca\/International\/wp-json\/wp\/v2\/types\/post"}],"author":[{"embeddable":true,"href":"https:\/\/linitiative.ca\/International\/wp-json\/wp\/v2\/users\/1969"}],"replies":[{"embeddable":true,"href":"https:\/\/linitiative.ca\/International\/wp-json\/wp\/v2\/comments?post=129036"}],"version-history":[{"count":0,"href":"https:\/\/linitiative.ca\/International\/wp-json\/wp\/v2\/posts\/129036\/revisions"}],"wp:attachment":[{"href":"https:\/\/linitiative.ca\/International\/wp-json\/wp\/v2\/media?parent=129036"}],"wp:term":[{"taxonomy":"category","embeddable":true,"href":"https:\/\/linitiative.ca\/International\/wp-json\/wp\/v2\/categories?post=129036"},{"taxonomy":"post_tag","embeddable":true,"href":"https:\/\/linitiative.ca\/International\/wp-json\/wp\/v2\/tags?post=129036"}],"curies":[{"name":"wp","href":"https:\/\/api.w.org\/{rel}","templated":true}]}}