{"id":129039,"date":"2021-10-05T09:38:49","date_gmt":"2021-10-05T13:38:49","guid":{"rendered":"https:\/\/linitiative.ca\/International\/casablanca-10-ans-de-reclusion-criminelle-pour-le-meurtrier-de-son-ami\/"},"modified":"2021-10-05T09:38:49","modified_gmt":"2021-10-05T13:38:49","slug":"casablanca-10-ans-de-reclusion-criminelle-pour-le-meurtrier-de-son-ami","status":"publish","type":"post","link":"https:\/\/linitiative.ca\/International\/casablanca-10-ans-de-reclusion-criminelle-pour-le-meurtrier-de-son-ami\/","title":{"rendered":"Casablanca : 10 ans de r\u00e9clusion criminelle pour le meurtrier de son ami"},"content":{"rendered":"<div>\n<p><span style=\"color: #800000;\"><strong>Nous sommes \u00e0 la chambre criminelle pr\u00e8s la Cour d\u2019appel de Casablanca.<\/strong><\/span><span id=\"more-388298\"><\/span><\/p>\n<p>Au box des accus\u00e9s se tient un jeune homme de vingt-huit ans. Il a d\u00e9j\u00e0 eu des d\u00e9m\u00eal\u00e9s avec la justice pour des affaires de trafic de drogue. Mais, cette fois-ci, il compara\u00eet devant la Cour pour du lourd, \u00e9tant impliqu\u00e9 dans un meurtre. Il est accus\u00e9 de coups et blessures ayant entra\u00een\u00e9 la mort sans l\u2019intention de la donner, trafic de drogue et ivresse. D\u00e8s l\u2019ouverture de son proc\u00e8s, il ne cherche pas \u00e0 nier les charges retenues contre lui. Il avoue, devant les trois magistrats de la Cour, que la victime, un jeune homme de vingt-quatre ans, \u00e9tait son ami, \u00e9galement trafiquant de drogue. Ils se rencontraient quotidiennement pour bavarder, rigoler et parfois pour s\u2019enivrer comme lors de leur derni\u00e8re rencontre. Ce jour-l\u00e0, ils ont achet\u00e9 deux bouteilles de vin rouge ainsi que des cannettes de bi\u00e8re.<\/p>\n<p>Ils se sont donn\u00e9 rendez-vous, comme \u00e0 l\u2019accoutum\u00e9e, dans un coin de leur quartier Sidi Othmane. D\u00e8s la tomb\u00e9e de la nuit, ils ont commenc\u00e9 \u00e0 se so\u00fbler. Mais, vers 22 h, son ami lui demande d\u2019abandonner sa ma\u00eetresse qui le trompe avec tout le monde, au quartier. Le mis en cause lui dit qu\u2019il savait qu\u2019il la harcelait tout en la sollicitant de l\u2019abandonner pour entretenir avec lui une relation amoureuse. Hors de lui, la victime lui affirme qu\u2019il a couch\u00e9 avec elle. Une r\u00e9v\u00e9lation qui a fait sortir le mis en cause de ses gonds. Il saisit un couteau et lui ass\u00e8ne deux coups. La victime tombe par terre. Quelques minutes plus tard elle rend l\u2019\u00e2me.<\/p>\n<p>Le repr\u00e9sentant du minist\u00e8re public a requis la peine maximale contre le mis en cause. L\u2019avocat de la d\u00e9fense a, lui, r\u00e9clam\u00e9 de le faire b\u00e9n\u00e9ficier des circonstances att\u00e9nuantes en se basant sur ses aveux. Jug\u00e9 coupable, le mis en cause a \u00e9cop\u00e9 de 10 ans de prison ferme.<\/p>\n<\/div>\n<p>Auteur: ALM<br \/>\n<a href=\"https:\/\/aujourdhui.ma\/faits-divers\/casablanca-10-ans-de-reclusion-criminelle-pour-le-meurtrier-de-son-ami\">Cliquez ici pour lire l&rsquo;article depuis sa source.<\/a><\/p>\n","protected":false},"excerpt":{"rendered":"<p>Nous sommes \u00e0 la chambre criminelle pr\u00e8s la Cour d\u2019appel de Casablanca. Au box des accus\u00e9s se tient un jeune homme de vingt-huit ans. Il a d\u00e9j\u00e0 eu des d\u00e9m\u00eal\u00e9s avec la justice pour des affaires de trafic de drogue. Mais, cette fois-ci, il compara\u00eet devant la Cour pour du lourd, \u00e9tant impliqu\u00e9 dans un [&hellip;]<\/p>\n","protected":false},"author":1759,"featured_media":0,"comment_status":"closed","ping_status":"closed","sticky":false,"template":"","format":"standard","meta":{"fifu_image_url":"","fifu_image_alt":"","footnotes":""},"categories":[73,54],"tags":[],"class_list":["post-129039","post","type-post","status-publish","format-standard","hentry","category-actualite","category-maroc"],"_links":{"self":[{"href":"https:\/\/linitiative.ca\/International\/wp-json\/wp\/v2\/posts\/129039","targetHints":{"allow":["GET"]}}],"collection":[{"href":"https:\/\/linitiative.ca\/International\/wp-json\/wp\/v2\/posts"}],"about":[{"href":"https:\/\/linitiative.ca\/International\/wp-json\/wp\/v2\/types\/post"}],"author":[{"embeddable":true,"href":"https:\/\/linitiative.ca\/International\/wp-json\/wp\/v2\/users\/1759"}],"replies":[{"embeddable":true,"href":"https:\/\/linitiative.ca\/International\/wp-json\/wp\/v2\/comments?post=129039"}],"version-history":[{"count":0,"href":"https:\/\/linitiative.ca\/International\/wp-json\/wp\/v2\/posts\/129039\/revisions"}],"wp:attachment":[{"href":"https:\/\/linitiative.ca\/International\/wp-json\/wp\/v2\/media?parent=129039"}],"wp:term":[{"taxonomy":"category","embeddable":true,"href":"https:\/\/linitiative.ca\/International\/wp-json\/wp\/v2\/categories?post=129039"},{"taxonomy":"post_tag","embeddable":true,"href":"https:\/\/linitiative.ca\/International\/wp-json\/wp\/v2\/tags?post=129039"}],"curies":[{"name":"wp","href":"https:\/\/api.w.org\/{rel}","templated":true}]}}