{"id":129042,"date":"2021-10-05T10:30:00","date_gmt":"2021-10-05T14:30:00","guid":{"rendered":"https:\/\/linitiative.ca\/International\/fouad-chardoudi-expose-leloge-du-chaos\/"},"modified":"2021-10-05T10:30:00","modified_gmt":"2021-10-05T14:30:00","slug":"fouad-chardoudi-expose-leloge-du-chaos","status":"publish","type":"post","link":"https:\/\/linitiative.ca\/International\/fouad-chardoudi-expose-leloge-du-chaos\/","title":{"rendered":"Fouad Chardoudi expose \u00abL\u2019\u00e9loge du chaos\u00bb"},"content":{"rendered":"<div>\n<p><img decoding=\"async\" width=\"300\" height=\"153\" src=\"https:\/\/linitiative.ca\/International\/wp-content\/uploads\/sites\/23\/2021\/10\/Portrait-Fouad-Chardoudi-2-300x153-1.jpg\" class=\"attachment-medium size-medium wp-post-image\" alt=\"\" loading=\"lazy\" srcset=\"\/\/aujourdhui.ma\/wp-content\/uploads\/2021\/10\/Portrait-Fouad-Chardoudi-2-300x153.jpg 300w, \/\/aujourdhui.ma\/wp-content\/uploads\/2021\/10\/Portrait-Fouad-Chardoudi-2-274x140.jpg 274w, \/\/aujourdhui.ma\/wp-content\/uploads\/2021\/10\/Portrait-Fouad-Chardoudi-2.jpg 746w, \/\/aujourdhui.ma\/wp-content\/uploads\/2021\/10\/Portrait-Fouad-Chardoudi-2-165x84.jpg 165w, \/\/aujourdhui.ma\/wp-content\/uploads\/2021\/10\/Portrait-Fouad-Chardoudi-2-702x358.jpg 702w\" sizes=\"auto, (max-width: 300px) 100vw, 300px\"><\/p>\n<p><span style=\"color: #800000;\"><strong>Du 14 octobre au 13 novembre \u00e0 l\u2019Institut Fran\u00e7ais de Rabat<\/strong><\/span><span id=\"more-388287\"><\/span><\/p>\n<p>L\u2019Institut Fran\u00e7ais de Rabat annonce la premi\u00e8re exposition de sa rentr\u00e9e culturelle. Ainsi, \u00abL\u2019\u00e9loge du chaos\u00bb de l\u2019artiste Fouad Chardoudi ouvre le bal avec une exposition qui se tiendra du 14 octobre au 13 novembre 2021 dans la galerie de l\u2019Institut Fran\u00e7ais de Rabat. Natif de Sal\u00e9, Fouad Chardoudi pratique son art depuis une vingtaine d\u2019ann\u00e9es. L\u2019artiste peintre est l\u2019une des figures embl\u00e9matiques de l\u2019art contemporain marocain. Son n\u00e9o- expressionnisme doubl\u00e9 d\u2019un lyrisme latent lui attribue un statut \u00e0 part, notamment dans les expositions collectives \u00e0 c\u00f4t\u00e9 de grands noms. De m\u00eame, Fouad Chardoudi est aussi un po\u00e8te ayant \u00e9crit quatre recueils de po\u00e9sie dont Le Ciel quitte la gare, Tenir une tra\u00een\u00e9e d\u2019astre, En guise de pr\u00e9caution, et Inimiti\u00e9s d\u2019un seul jour.<\/p>\n<p>Il est laur\u00e9at du premier prix de la Biennale des artistes arabes au Kowe\u00eft 2019, membre du bureau ex\u00e9cutif de la maison de la po\u00e9sie au Maroc et a \u00e9t\u00e9 secr\u00e9taire g\u00e9n\u00e9ral de la d\u00e9l\u00e9gation du syndicat des artistes plasticiens marocains (Rabat-Sal\u00e9-Zemmour- Za\u00ebr), de 2007 \u00e0 2010. A son actif, il a expos\u00e9 dans plusieurs pays dans le monde en tant qu\u2019artiste peintre. Parall\u00e8lement, ses oeuvres po\u00e9tiques ont \u00e9t\u00e9 traduites en plusieurs langues dont le fran\u00e7ais et l\u2019anglais. Son oeuvre artistique est pr\u00e9sente dans plusieurs mus\u00e9es et institutions culturelles europ\u00e9ens et arabes. Fouad Chardoudi vit et travaille entre Rabat et Sal\u00e9, entre son atelier de peinture et ses chantiers po\u00e9tiques ouverts sur l\u2019avenir de la culture au sein du Maroc. Sa marque de fabrique artistique est unique. L\u2019\u00e9crivain Rachid Khaless d\u00e9crit l\u2019oeuvre de Fouad Chardoudi : \u00abS\u2019il est une gestuelle si po\u00e9tiquement nerveuse, c\u2019est bien celle de Fouad Chardoudi. Et \u00e7a dit tout de sa marque de fabrique ! Son geste, ardent et ac\u00e9r\u00e9, est celui d\u2019un artiste pris de transe. On le dirait habit\u00e9 par le d\u00e9sir de peindre contre la peinture.<\/p>\n<p>Un trait, une forme ou une couleur viendront toujours se juxtaposer \u00e0 d\u2019autres dans une chor\u00e9graphie instinctive. La main qui trace est aussi la main qui efface. Pourtant, une profonde po\u00e9sie et une beaut\u00e9 transcendante s\u2019en d\u00e9gagent. Il n\u2019y a nul d\u00e9sordre dans cette oeuvre qui exhibe ses ressorts : le trait cru, la palette chromatique, les formes exacerb\u00e9es sont le prolongement n\u00e9cessaire du geste qui les fait advenir\u00bb. Et d\u2019ajouter : \u00abPlus que jamais pr\u00e9sent dans son oeuvre, Chardoudi tisse un lacis de lignes, de formes et de couleurs pour nous rappeler, \u00e9manant de son int\u00e9riorit\u00e9, les soubresauts de la vie en nous. Il rend dicible, tout en lui pr\u00e9servant son \u00e9tat natif, le d\u00e9sordre du coeur humain qu\u2019il spatialise dans ses tableaux. Ce d\u00e9sordre ne dit rien d\u2019autre que la tension de l\u2019homme aux prises avec le chaos des choses. Une sismographie de la psych\u00e9 !\u00bb.<\/p>\n<\/div>\n<p>Auteur: ALM<br \/>\n<a href=\"https:\/\/aujourdhui.ma\/culture\/fouad-chardoudi-expose-leloge-du-chaos\">Cliquez ici pour lire l&rsquo;article depuis sa source.<\/a><\/p>\n","protected":false},"excerpt":{"rendered":"<p>Du 14 octobre au 13 novembre \u00e0 l\u2019Institut Fran\u00e7ais de Rabat L\u2019Institut Fran\u00e7ais de Rabat annonce la premi\u00e8re exposition de sa rentr\u00e9e culturelle. Ainsi, \u00abL\u2019\u00e9loge du chaos\u00bb de l\u2019artiste Fouad Chardoudi ouvre le bal avec une exposition qui se tiendra du 14 octobre au 13 novembre 2021 dans la galerie de l\u2019Institut Fran\u00e7ais de Rabat. [&hellip;]<\/p>\n","protected":false},"author":1759,"featured_media":0,"comment_status":"closed","ping_status":"closed","sticky":false,"template":"","format":"standard","meta":{"fifu_image_url":"https:\/\/aujourdhui.ma\/wp-content\/uploads\/2021\/10\/Portrait-Fouad-Chardoudi-2-300x153.jpg","fifu_image_alt":"Fouad Chardoudi expose \u00abL\u2019\u00e9loge du chaos\u00bb","footnotes":""},"categories":[73,54],"tags":[],"class_list":["post-129042","post","type-post","status-publish","format-standard","hentry","category-actualite","category-maroc"],"_links":{"self":[{"href":"https:\/\/linitiative.ca\/International\/wp-json\/wp\/v2\/posts\/129042","targetHints":{"allow":["GET"]}}],"collection":[{"href":"https:\/\/linitiative.ca\/International\/wp-json\/wp\/v2\/posts"}],"about":[{"href":"https:\/\/linitiative.ca\/International\/wp-json\/wp\/v2\/types\/post"}],"author":[{"embeddable":true,"href":"https:\/\/linitiative.ca\/International\/wp-json\/wp\/v2\/users\/1759"}],"replies":[{"embeddable":true,"href":"https:\/\/linitiative.ca\/International\/wp-json\/wp\/v2\/comments?post=129042"}],"version-history":[{"count":0,"href":"https:\/\/linitiative.ca\/International\/wp-json\/wp\/v2\/posts\/129042\/revisions"}],"wp:attachment":[{"href":"https:\/\/linitiative.ca\/International\/wp-json\/wp\/v2\/media?parent=129042"}],"wp:term":[{"taxonomy":"category","embeddable":true,"href":"https:\/\/linitiative.ca\/International\/wp-json\/wp\/v2\/categories?post=129042"},{"taxonomy":"post_tag","embeddable":true,"href":"https:\/\/linitiative.ca\/International\/wp-json\/wp\/v2\/tags?post=129042"}],"curies":[{"name":"wp","href":"https:\/\/api.w.org\/{rel}","templated":true}]}}