{"id":129050,"date":"2021-10-04T14:00:00","date_gmt":"2021-10-04T18:00:00","guid":{"rendered":"https:\/\/linitiative.ca\/International\/lexperience-de-jerada-a-contribue-a-la-reconciliation-des-marocains-avec-la-politique\/"},"modified":"2021-10-04T14:00:00","modified_gmt":"2021-10-04T18:00:00","slug":"lexperience-de-jerada-a-contribue-a-la-reconciliation-des-marocains-avec-la-politique","status":"publish","type":"post","link":"https:\/\/linitiative.ca\/International\/lexperience-de-jerada-a-contribue-a-la-reconciliation-des-marocains-avec-la-politique\/","title":{"rendered":"L\u2019exp\u00e9rience de Jerada  a contribu\u00e9 \u00e0 la r\u00e9conciliation des Marocains avec la politique"},"content":{"rendered":"<div>\n<p class=\"has-text-align-center has-vivid-cyan-blue-color has-text-color\"><strong>Mohammed Nabil Bendallah, Secr\u00e9taire G\u00e9n\u00e9ral du PPS<\/strong><\/p>\n<p class=\"has-text-align-right has-black-color has-text-color\"><strong>M\u2019Barek Tafsi<\/strong><\/p>\n<p class=\"has-black-color has-text-color\"><strong>L\u2019exp\u00e9rience de Jerada\u00a0 a contribu\u00e9 \u00e0 la r\u00e9conciliation des Marocains avec la politique et est de nature \u00e0 r\u00e9tablir la confiance dans les partis politiques, a soulign\u00e9 le Secr\u00e9taire G\u00e9n\u00e9ral du Parti du Progr\u00e8s et du Socialisme Mohammed Nabil Bendallah.<\/strong><\/p>\n<p class=\"has-black-color has-text-color\"><strong>Lors d\u2019un meeting organis\u00e9, samedi soir, par le PPS dans la province de Jerada en hommage aux succ\u00e8s remport\u00e9s par les candidats du parti dans cette r\u00e9gion, il a fait savoir que les jeunes de Jerada ont remport\u00e9 27 si\u00e8ges sur les 30 que compte la commune ainsi que les\u00a0 pr\u00e9sidences de cette derni\u00e8re et du conseil provincial.<\/strong><\/p>\n<p class=\"has-black-color has-text-color\"><strong>Il s\u2019est f\u00e9licit\u00e9 de la campagne men\u00e9e par les militantes et les militants et de leur mobilisation aussi bien dans la province de Jerada que dans les provinces de Nador, Figuig, Guercif, Berkane, Driouch et dans les autres villes dans l\u2019Oriental et les autres r\u00e9gions et provinces, faisant fi de certaines pratiques inadmissibles, dont en premier lieu l\u2019utilisation massive de l\u2019argent sans pr\u00e9c\u00e9dent pour l\u2019achat des voix non seulement des \u00e9lecteurs et des \u00e9lectrices, mais \u00e9galement des candidates et des candidats.\u00a0\u00a0<\/strong><\/p>\n<p class=\"has-black-color has-text-color\"><strong>Selon lui, de telles pratiques auront \u00e9videment des cons\u00e9quences hautement n\u00e9gatives sur tous les conseils \u00e9lus\u00a0que sont la Chambre des Repr\u00e9sentants et les conseils r\u00e9gionaux, provinciaux et locaux. Elles auront \u00e9galement un effet n\u00e9gatif sur les partis politiques et l\u2019action politique en g\u00e9n\u00e9ral, compte tenu de la nature et du profil de nombreux \u00e9lus, qui ont \u00e9t\u00e9 impos\u00e9s par certains partis politiques pour\u00a0 assoir leur domination sur la quasi-totalit\u00e9 de ces conseils, a-t-il ajout\u00e9.<\/strong><\/p>\n<p class=\"has-black-color has-text-color\"><strong>Il a \u00e9galement fait savoir que ces pratiques ont impact\u00e9 n\u00e9gativement le d\u00e9roulement de la campagne \u00e9lectorale ainsi que sur l\u2019action politique et les partis politiques s\u00e9rieux, qui ont tenu \u00e0 mener une campagne \u00e9lectorale saine, propre et irr\u00e9prochable comme le PPS.<\/strong><\/p>\n<p class=\"has-black-color has-text-color\"><strong>Il a toutefois soulign\u00e9 que gr\u00e2ce au travail honn\u00eate et s\u00e9rieux du PPS, les exp\u00e9riences de Jerada, Al Hoceima, Driouech, Chefchaouen et Taza repr\u00e9sentent des points lumineux. Elles ont permis l\u2019\u00e9mergence de nouveaux cadres et capacit\u00e9s militantes jeunes, qui les habilitent \u00e0 assumer leur enti\u00e8re responsabilit\u00e9 pour relever tous les d\u00e9fis et att\u00e9nuer l\u2019impact n\u00e9gatif des pratiques n\u00e9fastes sur l\u2019action politique. Ceci montre que le pays peut toujours compter sur des partis politiques s\u00e9rieux comme le PPS quoique tr\u00e8s peu nombreux, a martel\u00e9 Benabdallah.<\/strong><\/p>\n<p class=\"has-black-color has-text-color\"><strong>Apr\u00e8s avoir exprim\u00e9 ses remerciements aux centaines de milliers d\u2019\u00e9lectrices et d\u2019\u00e9lecteurs qui ont accord\u00e9 leur confiance au PPS et \u00e0 ses candidates et candidats et soutenu les militantes et les militants du parti dans les diff\u00e9rentes provinces et r\u00e9gions, il a soulign\u00e9 que la p\u00e9riode \u00e0 venir requiert davantage de mobilisation de la part des \u00e9lus du parti et de ses militants pour porter les pr\u00e9occupations des citoyennes et des citoyens et d\u00e9fendre leurs causes. Pour mener comme il se doit cette mission, le Parti du Progr\u00e8s et du Socialisme va assumer ses responsabilit\u00e9s dans le cadre de l\u2019Opposition nationale, responsable et constructive et pour d\u00e9fendre les questions fondamentales du peuple et en particulier des couches d\u00e9sh\u00e9rit\u00e9es.<\/strong><\/p>\n<p class=\"has-black-color has-text-color\"><strong>Le SG a appel\u00e9 ensuite les conseill\u00e8res et les conseillers communaux du parti \u00e0 s\u2019acquitter de leurs missions de mani\u00e8re s\u00e9rieuse et avec abn\u00e9gation aussi bien dans le cadre de la gestion des affaires de la commune et de la majorit\u00e9 ou \u00e0 partir de la position de l\u2019opposition. Il les a invit\u00e9s aussi \u00e0 jouer pleinement leur r\u00f4le politique et \u00e0 interagir \u00e0 tout moment avec toutes les questions qui se posent pour donner une charge positive et significative \u00e0 l\u2019action politique, \u00e9tant donn\u00e9 que la plus grande partie des conseils \u00e9lus sont d\u00e9pourvus de sens politique.<\/strong><\/p>\n<p class=\"has-black-color has-text-color\"><strong>Il n\u2019a pas manqu\u00e9 de m\u00eame d\u2019insister sur la n\u00e9cessit\u00e9 pour les \u00e9lus du parti \u00e0 Jerada de d\u00e9ployer davantage d\u2019efforts pour \u00eatre \u00e0 la hauteur des d\u00e9fis qui se posent au niveau du conseil communal et du conseil provincial, soulignant qu\u2019au lendemain du mouvement du Hirak que la ville de Jerada avait connu, les jeunes de la r\u00e9gion occupent aujourd\u2019hui des postes au sein des institutions d\u00e9mocratiquement \u00e9lues pour s\u2019y activer et s\u2019exprimer.<\/strong><\/p>\n<p class=\"has-black-color has-text-color\"><strong>Pour ce qui le concerne, a-t-il ajout\u00e9, le PPS s\u2019engage \u00e0 soutenir les institutions de gestion de Jerada et \u00e0 contribuer \u00e0 la r\u00e9ussite de cette exp\u00e9rience, \u00e0 travers l\u2019\u00e9coute des dol\u00e9ances des habitants et la satisfaction de leurs revendications.<\/strong><\/p>\n<p class=\"has-black-color has-text-color\"><strong>\u00a0\u00a0 Il a par ailleurs appel\u00e9 \u00e0 redoubler de vigilance et de mobilisation pour soutenir les candidats du parti lors de l\u2019\u00e9lection des membres de la Chambre des conseillers, pr\u00e9vu ce mardi. Huit candidatures sont pr\u00e9sent\u00e9es par le PPS dont 7 dans la cat\u00e9gorie des collectivit\u00e9s locales\u00a0 qui concernent les r\u00e9gions de Casablanca-Settat, Marrakech-Safi, l\u2019Oriental, F\u00e8s-Mekn\u00e8s, Rabat-Sal\u00e9-K\u00e9nitra, B\u00e9ni Mellal-Kh\u00e9nifra, Dra\u00e2-Tafilalet outre une candidature dans la cat\u00e9gorie des chambres professionnelles dans la r\u00e9gion de Sous-Sahara.<\/strong><\/p>\n<p>L\u2019article <a rel=\"nofollow\" href=\"http:\/\/albayane.press.ma\/lexperience-de-jerada-a-contribue-a-la-reconciliation-des-marocains-avec-la-politique.html\">L\u2019exp\u00e9rience de Jerada  a contribu\u00e9 \u00e0 la r\u00e9conciliation des Marocains avec la politique<\/a> est apparu en premier sur <a rel=\"nofollow\" href=\"http:\/\/albayane.press.ma\/\">ALBAYANE<\/a>.<\/p>\n<\/div>\n<p>Auteur: M&rsquo;hammed rahal<br \/>\n<a href=\"http:\/\/albayane.press.ma\/lexperience-de-jerada-a-contribue-a-la-reconciliation-des-marocains-avec-la-politique.html\">Cliquez ici pour lire l&rsquo;article depuis sa source.<\/a><\/p>\n","protected":false},"excerpt":{"rendered":"<p>Mohammed Nabil Bendallah, Secr\u00e9taire G\u00e9n\u00e9ral du PPS M\u2019Barek Tafsi L\u2019exp\u00e9rience de Jerada\u00a0 a contribu\u00e9 \u00e0 la r\u00e9conciliation des Marocains avec la politique et est de nature \u00e0 r\u00e9tablir la confiance dans les partis politiques, a soulign\u00e9 le Secr\u00e9taire G\u00e9n\u00e9ral du Parti du Progr\u00e8s et du Socialisme Mohammed Nabil Bendallah. Lors d\u2019un meeting organis\u00e9, samedi soir, [&hellip;]<\/p>\n","protected":false},"author":1760,"featured_media":0,"comment_status":"closed","ping_status":"closed","sticky":false,"template":"","format":"standard","meta":{"fifu_image_url":"","fifu_image_alt":"","footnotes":""},"categories":[73,54],"tags":[],"class_list":["post-129050","post","type-post","status-publish","format-standard","hentry","category-actualite","category-maroc"],"_links":{"self":[{"href":"https:\/\/linitiative.ca\/International\/wp-json\/wp\/v2\/posts\/129050","targetHints":{"allow":["GET"]}}],"collection":[{"href":"https:\/\/linitiative.ca\/International\/wp-json\/wp\/v2\/posts"}],"about":[{"href":"https:\/\/linitiative.ca\/International\/wp-json\/wp\/v2\/types\/post"}],"author":[{"embeddable":true,"href":"https:\/\/linitiative.ca\/International\/wp-json\/wp\/v2\/users\/1760"}],"replies":[{"embeddable":true,"href":"https:\/\/linitiative.ca\/International\/wp-json\/wp\/v2\/comments?post=129050"}],"version-history":[{"count":0,"href":"https:\/\/linitiative.ca\/International\/wp-json\/wp\/v2\/posts\/129050\/revisions"}],"wp:attachment":[{"href":"https:\/\/linitiative.ca\/International\/wp-json\/wp\/v2\/media?parent=129050"}],"wp:term":[{"taxonomy":"category","embeddable":true,"href":"https:\/\/linitiative.ca\/International\/wp-json\/wp\/v2\/categories?post=129050"},{"taxonomy":"post_tag","embeddable":true,"href":"https:\/\/linitiative.ca\/International\/wp-json\/wp\/v2\/tags?post=129050"}],"curies":[{"name":"wp","href":"https:\/\/api.w.org\/{rel}","templated":true}]}}