{"id":129053,"date":"2021-10-04T14:00:00","date_gmt":"2021-10-04T18:00:00","guid":{"rendered":"https:\/\/linitiative.ca\/International\/les-hirakis-de-jerada\/"},"modified":"2021-10-04T14:00:00","modified_gmt":"2021-10-04T18:00:00","slug":"les-hirakis-de-jerada","status":"publish","type":"post","link":"https:\/\/linitiative.ca\/International\/les-hirakis-de-jerada\/","title":{"rendered":"Les Hirakis de Jerada !"},"content":{"rendered":"<div>\n<p class=\"has-black-color has-text-color\"><strong>Les \u00e9lections du 8 septembre dernier se seront, sans doute, illustr\u00e9s par nombre de ratages \u00e0 plus d\u2019un titres, mais aussi de maints enseignements de taille. A cet \u00e9gard, on en citera le plus \u00e9mouvant de tous dont Jerada fut le th\u00e9\u00e2tre et aura, tenuen haleine, tous les observateurs tant au pays qu\u2019\u00e0 l\u2019\u00e9tranger. En effet, ce petit faubourgrouge-briquelaiss\u00e9-pour- compte de l\u2019Oriental du royaume, connu pour la production de la houille, \u00e0 partir de l\u2019ann\u00e9e 1920,se trouvepriv\u00e9 de cette uniqueressource de subsistance.Min\u00e9s par les affres de la vie, les populations se sont ru\u00e9es dans les espaces maussades de cette bourgade en \u00e9meute, clamant contre la mis\u00e8re et l\u2019exclusion. Ce furent des milliers de jeunes qui arpentaient les rues, criaient au scandale et s\u2019attiraientles foudres de la d\u00e9tention par les forces de l\u2019ordre. Depuis, le Hirak du patelin en d\u00e9tresse, suscitaitl\u2019indignation de tous les compatriotes, \u00e0 travers le pays, tout en r\u00e9clamant leur lib\u00e9ration\u2026<\/strong><\/p>\n<p class=\"has-black-color has-text-color\">Et puis survint l\u2019\u00e9ch\u00e9ancier \u00e9lectoral\u00a0! Ce contingent de jeunes qui enflammait la r\u00e9volte contre la privation, avait d\u00e9cid\u00e9 par son propre gr\u00e9, de prendre part \u00e0 cet \u00e9v\u00e9nement consultatif afin de s\u2019int\u00e9grer corps et \u00e2me, dans les institutions de la la Nation. Ils \u00e9taient conscients que le changement de leur situation et celle de leur cadre de vie, ne se produirait que si leur contribution aux instances l\u00e9gales \u00e9tait payante, dans le respect des r\u00e8gles et le maintien de l\u2019ordre. Ils avaient \u00e9lu domicile dans un parti s\u00e9rieux qui leur a ouvert les portesde la transition et sont sortis dans la rue, cette fois non pas pour s\u2019insurger mais pour brandir haut et fort, le droit \u00e0 la vie et arborer \u00e0 souhait, les vertus de la justice et la dignit\u00e9.Ils ont alors fini par jouir de la sympathie des \u00e9lecteurs qui les ont hiss\u00e9s aux sommets et de ce fait, servir de le\u00e7on auxnihilisteset r\u00e9calcitrants qui passent leur temps \u00e0 paresser et presser les pr\u00e9jug\u00e9s creux. A 22 si\u00e8ges sur 25 du conseil communal et la pr\u00e9sidence du conseil provincial, leur triomphe est sans appel\u00a0! Leur destin est maintenant entre les mains pour mettre au concret tout ce dont ils avaient r\u00eav\u00e9 dans les ruesde la r\u00e9bellion.<\/p>\n<p class=\"has-black-color has-text-color\">Que dire de cetteaventure d\u2019exception? Ces jeunes issus du Hirak de Jerada, tel qu\u2019on sera cens\u00e9 voir aussi dans d\u2019autres bourgs abandonn\u00e9s, ont compris que la seule voie de la d\u00e9livrance salutaire, se construisaitaux d\u00e9dales institutionnels. L\u2019\u00e8re du Grand Soir est bien r\u00e9volue, a-t-on envie de vocif\u00e9rer, au moment o\u00f9 des jeunes, lass\u00e9s par la tromperie de la d\u00e9saffection, op\u00e8rent dans r\u00e9volte sur soi et se fraient les chemins de la gloire. L\u2019exemple des jeunes Jerada se passe de tout commentaire, dans ce sens o\u00f9 il contredit toute attitude d\u2019attentisme et de n\u00e9gativisme. Bravo jeunots, on vous adore\u00a0! C\u2019est de cette fibre-l\u00e0 qu\u2019on aura \u00e0 tisser le Maroc de tous les \u00e9clats\u00a0!<\/p>\n<p>L\u2019article <a rel=\"nofollow\" href=\"http:\/\/albayane.press.ma\/les-hirakis-de-jerada.html\">Les Hirakis de Jerada !<\/a> est apparu en premier sur <a rel=\"nofollow\" href=\"http:\/\/albayane.press.ma\/\">ALBAYANE<\/a>.<\/p>\n<\/div>\n<p>Auteur: M&rsquo;hammed rahal<br \/>\n<a href=\"http:\/\/albayane.press.ma\/les-hirakis-de-jerada.html\">Cliquez ici pour lire l&rsquo;article depuis sa source.<\/a><\/p>\n","protected":false},"excerpt":{"rendered":"<p>Les \u00e9lections du 8 septembre dernier se seront, sans doute, illustr\u00e9s par nombre de ratages \u00e0 plus d\u2019un titres, mais aussi de maints enseignements de taille. A cet \u00e9gard, on en citera le plus \u00e9mouvant de tous dont Jerada fut le th\u00e9\u00e2tre et aura, tenuen haleine, tous les observateurs tant au pays qu\u2019\u00e0 l\u2019\u00e9tranger. En [&hellip;]<\/p>\n","protected":false},"author":1760,"featured_media":0,"comment_status":"closed","ping_status":"closed","sticky":false,"template":"","format":"standard","meta":{"fifu_image_url":"","fifu_image_alt":"","footnotes":""},"categories":[73,54],"tags":[],"class_list":["post-129053","post","type-post","status-publish","format-standard","hentry","category-actualite","category-maroc"],"_links":{"self":[{"href":"https:\/\/linitiative.ca\/International\/wp-json\/wp\/v2\/posts\/129053","targetHints":{"allow":["GET"]}}],"collection":[{"href":"https:\/\/linitiative.ca\/International\/wp-json\/wp\/v2\/posts"}],"about":[{"href":"https:\/\/linitiative.ca\/International\/wp-json\/wp\/v2\/types\/post"}],"author":[{"embeddable":true,"href":"https:\/\/linitiative.ca\/International\/wp-json\/wp\/v2\/users\/1760"}],"replies":[{"embeddable":true,"href":"https:\/\/linitiative.ca\/International\/wp-json\/wp\/v2\/comments?post=129053"}],"version-history":[{"count":0,"href":"https:\/\/linitiative.ca\/International\/wp-json\/wp\/v2\/posts\/129053\/revisions"}],"wp:attachment":[{"href":"https:\/\/linitiative.ca\/International\/wp-json\/wp\/v2\/media?parent=129053"}],"wp:term":[{"taxonomy":"category","embeddable":true,"href":"https:\/\/linitiative.ca\/International\/wp-json\/wp\/v2\/categories?post=129053"},{"taxonomy":"post_tag","embeddable":true,"href":"https:\/\/linitiative.ca\/International\/wp-json\/wp\/v2\/tags?post=129053"}],"curies":[{"name":"wp","href":"https:\/\/api.w.org\/{rel}","templated":true}]}}