{"id":129054,"date":"2021-10-04T14:00:00","date_gmt":"2021-10-04T18:00:00","guid":{"rendered":"https:\/\/linitiative.ca\/International\/les-lions-de-latlas-esperent-retrouver-la-tete-du-groupe-i\/"},"modified":"2021-10-04T14:00:00","modified_gmt":"2021-10-04T18:00:00","slug":"les-lions-de-latlas-esperent-retrouver-la-tete-du-groupe-i","status":"publish","type":"post","link":"https:\/\/linitiative.ca\/International\/les-lions-de-latlas-esperent-retrouver-la-tete-du-groupe-i\/","title":{"rendered":"Les Lions de l\u2019Atlas esp\u00e8rent retrouver la t\u00eate du Groupe I"},"content":{"rendered":"<div>\n<p class=\"has-text-align-center has-vivid-red-color has-text-color\"><strong>Maroc-Guin\u00e9e Bissau \u2013 3\u00e8me journ\u00e9e des qualifications du Mondial-2022<\/strong><\/p>\n<p class=\"has-black-color has-text-color\"><strong>Les Lions de l\u2019Atlas reprennent service ce mercredi face \u00e0 la Guin\u00e9e Bissau au titre de la, en esp\u00e9rant retrouver la t\u00eate du Groupe I avant d\u2019affronter le m\u00eame adversaire, le 09 octobre, et la Guin\u00e9e Conakry, le 12 octobre du m\u00eame mois.<\/strong><\/p>\n<p class=\"has-black-color has-text-color\">Apr\u00e8s une 2\u00e8me journ\u00e9e report\u00e9e par la Conf\u00e9d\u00e9ration africaine de football et la FIFA, l\u2019\u00e9quipe nationale souhaite entamer une semaine, qui s\u2019annonce cruciale, en briguant les trois points de la rencontre face aux Bissau-guin\u00e9ens, leaders provisoires avec 4 points, remport\u00e9s face \u00e0 la Guin\u00e9e (1-1) et le Soudan (2-4).<br \/>Sur le papier, la t\u00e2che des Lions de l\u2019Atlas ne devrait pas \u00eatre difficile sachant que les deux prochains matchs se joueront \u00e9galement \u00e0 domicile.<\/p>\n<p class=\"has-black-color has-text-color\">Le s\u00e9lectionneur national, Vahid Halilhodzic, semble confiant vis-\u00e0-vis du groupe qu\u2019il a retenu pour cette mission, que lui-m\u00eame a qualifi\u00e9 de \u00ab\u00a0compliqu\u00e9e\u00a0\u00bb, \u00e9tant donn\u00e9 les circonstances dans lesquelles se d\u00e9roulent les qualifications africaines du Mondial-2022, notamment l\u2019obligation de disputer trois matchs en sept jours. Avec un effectif toujours en constante \u00e9volution et des changements n\u00e9cessaires selon Halilhodzic, les cages des Lions de l\u2019Atlas semblent bien s\u00e9curis\u00e9es par le trio ind\u00e9boulonnable, \u00e0 savoir, Yassine Bounou (FC S\u00e9ville), Monir El Kajoui (Hatayspor) et Anass Zniti (Raja Casablanca), auxquels s\u2019ajoute pour la premi\u00e8re fois le jeune gardien du FC Chelsea, Sami Telmcani.<br \/>La charni\u00e8re d\u00e9fensive compos\u00e9e du capitaine Roman Saiss (Wolverhampton) et de Nayef Aguerd (Rennes), qui a disput\u00e9 les 90 minutes du match contre le Soudan (2-0), devrait \u00eatre align\u00e9e. Sofiane Chakla (OH Louvain) et Samy Mmaee (Ferencvarosi TC), qui a fait son retour, seront en renfort.<\/p>\n<p class=\"has-black-color has-text-color\">De m\u00eame, les lat\u00e9raux Achraf Hakimi et Adam Massina (Watford) joueront respectivement sur les c\u00f4t\u00e9s droit et gauche afin de donner plus de solutions pour les ailes, sachant l\u2019apport que peut apporter Hakimi avec ses p\u00e9n\u00e9trations, passes et tirs dont il a fait preuve au PSG (3 r\u00e9alisations et 2 passes d\u00e9cisives).<\/p>\n<p class=\"has-black-color has-text-color\">Suite de la une<\/p>\n<p class=\"has-black-color has-text-color\">Apr\u00e8s avoir \u00e9loign\u00e9 Adil Taarabt (Benfica), qui \u00e9tait une pi\u00e8ce maitresse dans son organisation de jeu, Halilhodzic aura recours, pour renforcer son milieu de terrain, \u00e0 Sofyan Amrabat (Fiorentina), Ayman Barkouk (Frankfurt) et Selim Amallah (Standard de Li\u00e8ge).<\/p>\n<p class=\"has-black-color has-text-color\">Cependant, tout d\u00e9pendra du syst\u00e8me de jeu que va adopter le Franco-bosniaque en l\u2019absence de Hakim Ziyech, \u00e9cart\u00e9 pour des raisons disciplinaires, et surtout de l\u2019emplacement d\u2019Ilias Chair, d\u00e9cisif en ce moment avec les Queens Park Rangers, avec 3 buts en deux journ\u00e9es successives (2 contre Birmingham et 1 face \u00e0 Preston).<br \/>Chair qui a occup\u00e9 le poste d\u2019ailier droit lors du dernier match pourrait, \u00e9ventuellement, jouer comme un cr\u00e9ateur de jeu, un 10 traditionnel derri\u00e8re les attaquants, afin de profiter des ailes, qui sont nombreux sur la liste retenue.<br \/>Vahid aura l\u2019embarras du choix pour former son trio offensif, surtout qu\u2019il dispose de plusieurs ailiers qui peuvent donner plus d\u2019efficacit\u00e9 \u00e0 l\u2019attaque marocaine, qui sera probablement priv\u00e9e de sa pointe Youssef En-Nesyri, bless\u00e9 avec le FC S\u00e9ville la semaine derni\u00e8re.<\/p>\n<p class=\"has-black-color has-text-color\">Sofiane Boufal, qui a retrouv\u00e9 cette saison son niveau avec Angers SCO, et Zakaria Aboukhlal (AZ Alkmaar) pourront offrir plusieurs solutions sur les deux flancs avec un jeu transversal pour cr\u00e9er plus d\u2019occasions.<br \/>A d\u00e9faut, Soufiane Rahimi, \u00e9tincelant aux Emirates arabes, et Achraf Bencharki, devenu un point de r\u00e9f\u00e9rence dans l\u2019attaque du Zamalek, sauront faire la diff\u00e9rence sur les ailes avec leur vitesse et leur jeu percutant.<br \/>N\u00e9anmoins, la b\u00eate noire de cette s\u00e9lection demeure l\u2019attaquant de pointe, qui constitue toujours un grand probl\u00e8me pour la s\u00e9lection nationale. Malgr\u00e9 les performances grandioses d\u2019En-ensyri en club, son rendement avec les Lions de l\u2019Atlas laisse \u00e0 d\u00e9sirer.<\/p>\n<p class=\"has-black-color has-text-color\">Sauf surprise, le jeune Ryan Mmaee, soci\u00e9taire du Ferencvarosi TC (6 buts\/6 matchs), fera son entr\u00e9e d\u00e8s la premi\u00e8re minute pour pallier l\u2019absence de l\u2019attaquant de S\u00e9ville (bless\u00e9), \u00e0 moins que Halilhodzic ne d\u00e9cide de titulariser Ayoub El Kaabi, auteur de 4 buts en 7 matchs avec son club Hataysport.<\/p>\n<p class=\"has-black-color has-text-color\">Afin de balayer toute animosit\u00e9 qui peut na\u00eetre d\u2019un faux pas lors de cette premi\u00e8re rencontre, un succ\u00e8s donnera plus d\u2019assurance et d\u2019apaisement aux Lions de l\u2019Atlas pour terminer en beaut\u00e9 leur parcours aux \u00e9liminatoires de la Coupe du monde.<\/p>\n<p class=\"has-black-color has-text-color\">Lors de la 1\u00e8re journ\u00e9e, le Maroc, qui occupe provisoirement la 2\u00e8 position (3 pts), avait battu le Soudan \u00e0 domicile par 2 buts \u00e0 0.<\/p>\n<p>L\u2019article <a rel=\"nofollow\" href=\"http:\/\/albayane.press.ma\/les-lions-de-latlas-esperent-retrouver-la-tete-du-groupe-i-2.html\">Les Lions de l\u2019Atlas esp\u00e8rent retrouver la t\u00eate du Groupe I<\/a> est apparu en premier sur <a rel=\"nofollow\" href=\"http:\/\/albayane.press.ma\/\">ALBAYANE<\/a>.<\/p>\n<\/div>\n<p>Auteur: M&rsquo;hammed rahal<br \/>\n<a href=\"http:\/\/albayane.press.ma\/les-lions-de-latlas-esperent-retrouver-la-tete-du-groupe-i-2.html\">Cliquez ici pour lire l&rsquo;article depuis sa source.<\/a><\/p>\n","protected":false},"excerpt":{"rendered":"<p>Maroc-Guin\u00e9e Bissau \u2013 3\u00e8me journ\u00e9e des qualifications du Mondial-2022 Les Lions de l\u2019Atlas reprennent service ce mercredi face \u00e0 la Guin\u00e9e Bissau au titre de la, en esp\u00e9rant retrouver la t\u00eate du Groupe I avant d\u2019affronter le m\u00eame adversaire, le 09 octobre, et la Guin\u00e9e Conakry, le 12 octobre du m\u00eame mois. Apr\u00e8s une 2\u00e8me [&hellip;]<\/p>\n","protected":false},"author":1760,"featured_media":0,"comment_status":"closed","ping_status":"closed","sticky":false,"template":"","format":"standard","meta":{"fifu_image_url":"","fifu_image_alt":"","footnotes":""},"categories":[73,54],"tags":[],"class_list":["post-129054","post","type-post","status-publish","format-standard","hentry","category-actualite","category-maroc"],"_links":{"self":[{"href":"https:\/\/linitiative.ca\/International\/wp-json\/wp\/v2\/posts\/129054","targetHints":{"allow":["GET"]}}],"collection":[{"href":"https:\/\/linitiative.ca\/International\/wp-json\/wp\/v2\/posts"}],"about":[{"href":"https:\/\/linitiative.ca\/International\/wp-json\/wp\/v2\/types\/post"}],"author":[{"embeddable":true,"href":"https:\/\/linitiative.ca\/International\/wp-json\/wp\/v2\/users\/1760"}],"replies":[{"embeddable":true,"href":"https:\/\/linitiative.ca\/International\/wp-json\/wp\/v2\/comments?post=129054"}],"version-history":[{"count":0,"href":"https:\/\/linitiative.ca\/International\/wp-json\/wp\/v2\/posts\/129054\/revisions"}],"wp:attachment":[{"href":"https:\/\/linitiative.ca\/International\/wp-json\/wp\/v2\/media?parent=129054"}],"wp:term":[{"taxonomy":"category","embeddable":true,"href":"https:\/\/linitiative.ca\/International\/wp-json\/wp\/v2\/categories?post=129054"},{"taxonomy":"post_tag","embeddable":true,"href":"https:\/\/linitiative.ca\/International\/wp-json\/wp\/v2\/tags?post=129054"}],"curies":[{"name":"wp","href":"https:\/\/api.w.org\/{rel}","templated":true}]}}