{"id":129062,"date":"2021-10-05T13:24:20","date_gmt":"2021-10-05T17:24:20","guid":{"rendered":"https:\/\/linitiative.ca\/International\/representants-a-la-chambre-des-conseillers-onze-listes-en-lice\/"},"modified":"2021-10-05T13:24:20","modified_gmt":"2021-10-05T17:24:20","slug":"representants-a-la-chambre-des-conseillers-onze-listes-en-lice","status":"publish","type":"post","link":"https:\/\/linitiative.ca\/International\/representants-a-la-chambre-des-conseillers-onze-listes-en-lice\/","title":{"rendered":"Repr\u00e9sentants \u00e0 la Chambre des Conseillers: Onze listes en lice"},"content":{"rendered":"<div>\n<div style=\"margin-bottom:20px;\"><img loading=\"lazy\" decoding=\"async\" width=\"750\" height=\"430\" src=\"https:\/\/linitiative.ca\/International\/wp-content\/uploads\/sites\/23\/2021\/10\/vote-rak-3-copier.jpg\" class=\"attachment-post-thumbnail size-post-thumbnail wp-post-image\" alt=\"\" srcset=\"https:\/\/linitiative.ca\/International\/wp-content\/uploads\/sites\/23\/2021\/10\/vote-rak-3-copier.jpg 750w, http:\/\/www.mapmarrakech.ma\/map\/uploads\/2021\/10\/vote-rak-3-copier-300x172.jpg 300w\" sizes=\"auto, (max-width: 750px) 100vw, 750px\"><\/div>\n<p>Dans ce sens, quelque 501 \u00e9lecteurs devront \u00e9lire les repr\u00e9sentants de la r\u00e9gion Marrakech- Safi au sein de la Chambre des Conseillers.<\/p>\n<p>Au niveau du Conseil de la r\u00e9gion, 74 membres sont appel\u00e9s \u00e0 \u00e9lire 4 listes qui sont en lice pour briguer deux si\u00e8ges au sein de cette Chambre.<\/p>\n<p>Pour ce qui est des Conseils communaux et provinciaux, ce sont quelque 427 \u00e9lecteurs qui devront choisir leurs repr\u00e9sentants (5 si\u00e8ges) au sein de la Chambre des Conseillers.<\/p>\n<p>Concernant les chambres professionnelles, le nombre total des \u00e9lecteurs appel\u00e9s \u00e0 \u00e9lire leurs repr\u00e9sentants \u00e0 la Chambre des Conseillers s\u2019\u00e9l\u00e8ve \u00e0 260.<\/p>\n<p>S\u2019agissant des chambres d\u2019agriculture, deux si\u00e8ges ont \u00e9t\u00e9 r\u00e9serv\u00e9s aux r\u00e9gions Marrakech-Safi, Dr\u00e2a-Tafilalet et Souss-Massa.<\/p>\n<p>Concernant les chambres d\u2019artisanat, un seul candidat sera \u00e9lu \u00e0 la Chambre des conseillers aux r\u00e9gions Marrakech-Safi, Dara\u00e2-Tafilalet et Souss-Massa.<\/p>\n<p>Les \u00e9lecteurs devront \u00e9galement \u00e9lire un si\u00e8ge consacr\u00e9 aux chambres de commerce, d\u2019industrie et de services \u00e0 Marrakech-Safi, Dara\u00e2-Tafilalet et Souss-Massa.<\/p>\n<p>L\u2019\u00e9lection des membres de la Chambre des Conseillers, qui se d\u00e9roule dans le strict respect des mesures pr\u00e9ventives mises en oeuvres pour endiguer la propagation de la pand\u00e9mie du nouveau coronavirus (Covid-19), est l\u2019ultime \u00e9tape du processus \u00e9lectoral qui a eu lieu cette ann\u00e9e au Maroc.<\/p>\n<p>Les 120 membres qui composent la Chambre des Conseillers seront \u00e9lus selon les r\u00e8gles et modalit\u00e9s suivantes : 72 membres repr\u00e9sentant les collectivit\u00e9s territoriales, \u00e9lus au niveau des r\u00e9gions du Royaume. Vingt membres \u00e9lus, dans chaque r\u00e9gion, par un seul coll\u00e8ge \u00e9lectoral compos\u00e9 de l\u2019ensemble des \u00e9lus des chambres professionnelles existant dans la r\u00e9gion concern\u00e9e, 8 membres \u00e9lus, dans chaque r\u00e9gion, par un coll\u00e8ge \u00e9lectoral compos\u00e9 des \u00e9lus des organisations professionnelles des employeurs les plus repr\u00e9sentatives et 20 membres \u00e9lus, au niveau national, par un coll\u00e8ge \u00e9lectoral compos\u00e9 des repr\u00e9sentants des salari\u00e9s.<\/p>\n<p>En pr\u00e9lude \u00e0 ces \u00e9lections des membres de la Chambre des Conseillers, une campagne \u00e9lectorale avait d\u00e9marr\u00e9 le 28 septembre dernier pour se poursuivre jusqu\u2019\u00e0 lundi \u00e0 minuit.<\/p>\n<p>The post <a rel=\"nofollow\" href=\"http:\/\/www.mapmarrakech.ma\/fr\/representants-a-la-chambre-des-conseillers-onze-listes-en-lice\/\">Repr\u00e9sentants \u00e0 la Chambre des Conseillers: Onze listes en lice<\/a> appeared first on <a rel=\"nofollow\" href=\"http:\/\/www.mapmarrakech.ma\/fr\">MapMarrakech<\/a>.<\/p>\n<\/div>\n<p>Auteur: Meriem IGASS<br \/>\n<a href=\"http:\/\/www.mapmarrakech.ma\/fr\/representants-a-la-chambre-des-conseillers-onze-listes-en-lice\/\">Cliquez ici pour lire l&rsquo;article depuis sa source.<\/a><\/p>\n","protected":false},"excerpt":{"rendered":"<p>Dans ce sens, quelque 501 \u00e9lecteurs devront \u00e9lire les repr\u00e9sentants de la r\u00e9gion Marrakech- Safi au sein de la Chambre des Conseillers. Au niveau du Conseil de la r\u00e9gion, 74 membres sont appel\u00e9s \u00e0 \u00e9lire 4 listes qui sont en lice pour briguer deux si\u00e8ges au sein de cette Chambre. Pour ce qui est des [&hellip;]<\/p>\n","protected":false},"author":1788,"featured_media":0,"comment_status":"closed","ping_status":"closed","sticky":false,"template":"","format":"standard","meta":{"fifu_image_url":"http:\/\/www.mapmarrakech.ma\/map\/uploads\/2021\/10\/vote-rak-3-copier.jpg","fifu_image_alt":"Repr\u00e9sentants \u00e0 la Chambre des Conseillers: Onze listes en lice","footnotes":""},"categories":[54,76],"tags":[],"class_list":["post-129062","post","type-post","status-publish","format-standard","hentry","category-maroc","category-regions"],"_links":{"self":[{"href":"https:\/\/linitiative.ca\/International\/wp-json\/wp\/v2\/posts\/129062","targetHints":{"allow":["GET"]}}],"collection":[{"href":"https:\/\/linitiative.ca\/International\/wp-json\/wp\/v2\/posts"}],"about":[{"href":"https:\/\/linitiative.ca\/International\/wp-json\/wp\/v2\/types\/post"}],"author":[{"embeddable":true,"href":"https:\/\/linitiative.ca\/International\/wp-json\/wp\/v2\/users\/1788"}],"replies":[{"embeddable":true,"href":"https:\/\/linitiative.ca\/International\/wp-json\/wp\/v2\/comments?post=129062"}],"version-history":[{"count":0,"href":"https:\/\/linitiative.ca\/International\/wp-json\/wp\/v2\/posts\/129062\/revisions"}],"wp:attachment":[{"href":"https:\/\/linitiative.ca\/International\/wp-json\/wp\/v2\/media?parent=129062"}],"wp:term":[{"taxonomy":"category","embeddable":true,"href":"https:\/\/linitiative.ca\/International\/wp-json\/wp\/v2\/categories?post=129062"},{"taxonomy":"post_tag","embeddable":true,"href":"https:\/\/linitiative.ca\/International\/wp-json\/wp\/v2\/tags?post=129062"}],"curies":[{"name":"wp","href":"https:\/\/api.w.org\/{rel}","templated":true}]}}