{"id":129066,"date":"2021-10-05T13:42:35","date_gmt":"2021-10-05T17:42:35","guid":{"rendered":"https:\/\/linitiative.ca\/International\/676-nouveaux-cas-et-23-318-personnes-ont-recu-la-3eme-dose\/"},"modified":"2021-10-05T13:42:35","modified_gmt":"2021-10-05T17:42:35","slug":"676-nouveaux-cas-et-23-318-personnes-ont-recu-la-3eme-dose","status":"publish","type":"post","link":"https:\/\/linitiative.ca\/International\/676-nouveaux-cas-et-23-318-personnes-ont-recu-la-3eme-dose\/","title":{"rendered":"676 nouveaux cas et 23.318 personnes ont re\u00e7u la 3\u00e8me dose"},"content":{"rendered":"<div>\n<div style=\"margin-bottom:20px;\"><img loading=\"lazy\" decoding=\"async\" width=\"750\" height=\"430\" src=\"https:\/\/linitiative.ca\/International\/wp-content\/uploads\/sites\/23\/2021\/10\/cov-fr-1.jpg\" class=\"attachment-post-thumbnail size-post-thumbnail wp-post-image\" alt=\"\" srcset=\"https:\/\/linitiative.ca\/International\/wp-content\/uploads\/sites\/23\/2021\/10\/cov-fr-1.jpg 750w, http:\/\/www.mapmarrakech.ma\/map\/uploads\/2021\/10\/cov-fr-1-300x172.jpg 300w\" sizes=\"auto, (max-width: 750px) 100vw, 750px\"><\/div>\n<p>Le nombre de primo-vaccin\u00e9s a atteint 22.902.691, alors que celui des personnes ayant re\u00e7u la 2\u00e8me dose s\u2019\u00e9l\u00e8ve d\u00e9sormais \u00e0 19.594.392, a pr\u00e9cis\u00e9 le minist\u00e8re dans son bulletin quotidien sur la situation \u00e9pid\u00e9miologique Covid-19.<\/p>\n<p>Le nouveau bilan des cas positifs porte \u00e0 936.236 le nombre total des contaminations depuis le premier cas signal\u00e9 au Maroc en mars 2020. Le nombre des personnes r\u00e9tablies est pass\u00e9 \u00e0 911.738, soit un taux de gu\u00e9rison de 97,4%.<\/p>\n<p>Les contaminations ont \u00e9t\u00e9 recens\u00e9es dans les r\u00e9gions de Casablanca-Settat (316), Rabat-Sal\u00e9-Kenitra (179), Tanger-T\u00e9touan-Al Hoceima (36), l\u2019Oriental (33), Marrakech-Safi (26), F\u00e8s-Mekn\u00e8s (22), Dakhla-Oued Eddahab (17), La\u00e2youne-Sakia El Hamra (15), Dr\u00e2a-Tafilalet (11), Souss-Massa (08) Beni Mellal-Kh\u00e9nifra (07) et Guelmim-Oued Noun (6) .<\/p>\n<p>Quant aux d\u00e9c\u00e8s, leur nombre total est pass\u00e9 \u00e0 14.372 (l\u00e9talit\u00e9 1,5%), avec 17 nouveaux cas enregistr\u00e9s dans les r\u00e9gions de Rabat-Sal\u00e9-Kenitra (04), Marrakech-Safi (04), Casablanca-Settat (02), Tanger-T\u00e9touan-Al Hoceima (02), F\u00e8s-Mekn\u00e8s (02), l\u2019Oriental (01) Souss-Massa (01) et Beni Mellal-Kh\u00e9nifra (01) .<\/p>\n<p>Les cas actifs sont au nombre de 10.126, tandis que les cas s\u00e9v\u00e8res ou critiques ont atteint 718, dont 30 plac\u00e9s sous intubation.<\/p>\n<p>The post <a rel=\"nofollow\" href=\"http:\/\/www.mapmarrakech.ma\/fr\/676-nouveaux-cas-et-23-318-personnes-ont-recu-la-3eme-dose\/\">676 nouveaux cas et 23.318 personnes ont re\u00e7u la 3\u00e8me dose<\/a> appeared first on <a rel=\"nofollow\" href=\"http:\/\/www.mapmarrakech.ma\/fr\">MapMarrakech<\/a>.<\/p>\n<\/div>\n<p>Auteur: Meriem IGASS<br \/>\n<a href=\"http:\/\/www.mapmarrakech.ma\/fr\/676-nouveaux-cas-et-23-318-personnes-ont-recu-la-3eme-dose\/\">Cliquez ici pour lire l&rsquo;article depuis sa source.<\/a><\/p>\n","protected":false},"excerpt":{"rendered":"<p>Le nombre de primo-vaccin\u00e9s a atteint 22.902.691, alors que celui des personnes ayant re\u00e7u la 2\u00e8me dose s\u2019\u00e9l\u00e8ve d\u00e9sormais \u00e0 19.594.392, a pr\u00e9cis\u00e9 le minist\u00e8re dans son bulletin quotidien sur la situation \u00e9pid\u00e9miologique Covid-19. Le nouveau bilan des cas positifs porte \u00e0 936.236 le nombre total des contaminations depuis le premier cas signal\u00e9 au Maroc [&hellip;]<\/p>\n","protected":false},"author":1788,"featured_media":0,"comment_status":"closed","ping_status":"closed","sticky":false,"template":"","format":"standard","meta":{"fifu_image_url":"http:\/\/www.mapmarrakech.ma\/map\/uploads\/2021\/10\/cov-fr-1.jpg","fifu_image_alt":"676 nouveaux cas et 23.318 personnes ont re\u00e7u la 3\u00e8me dose","footnotes":""},"categories":[54,76],"tags":[],"class_list":["post-129066","post","type-post","status-publish","format-standard","hentry","category-maroc","category-regions"],"_links":{"self":[{"href":"https:\/\/linitiative.ca\/International\/wp-json\/wp\/v2\/posts\/129066","targetHints":{"allow":["GET"]}}],"collection":[{"href":"https:\/\/linitiative.ca\/International\/wp-json\/wp\/v2\/posts"}],"about":[{"href":"https:\/\/linitiative.ca\/International\/wp-json\/wp\/v2\/types\/post"}],"author":[{"embeddable":true,"href":"https:\/\/linitiative.ca\/International\/wp-json\/wp\/v2\/users\/1788"}],"replies":[{"embeddable":true,"href":"https:\/\/linitiative.ca\/International\/wp-json\/wp\/v2\/comments?post=129066"}],"version-history":[{"count":0,"href":"https:\/\/linitiative.ca\/International\/wp-json\/wp\/v2\/posts\/129066\/revisions"}],"wp:attachment":[{"href":"https:\/\/linitiative.ca\/International\/wp-json\/wp\/v2\/media?parent=129066"}],"wp:term":[{"taxonomy":"category","embeddable":true,"href":"https:\/\/linitiative.ca\/International\/wp-json\/wp\/v2\/categories?post=129066"},{"taxonomy":"post_tag","embeddable":true,"href":"https:\/\/linitiative.ca\/International\/wp-json\/wp\/v2\/tags?post=129066"}],"curies":[{"name":"wp","href":"https:\/\/api.w.org\/{rel}","templated":true}]}}