{"id":129070,"date":"2021-10-04T17:19:41","date_gmt":"2021-10-04T21:19:41","guid":{"rendered":"https:\/\/linitiative.ca\/International\/le-conseil-regional-de-loriental-adopte-son-statut\/"},"modified":"2021-10-04T17:19:41","modified_gmt":"2021-10-04T21:19:41","slug":"le-conseil-regional-de-loriental-adopte-son-statut","status":"publish","type":"post","link":"https:\/\/linitiative.ca\/International\/le-conseil-regional-de-loriental-adopte-son-statut\/","title":{"rendered":"Le Conseil r\u00e9gional de l\u2019Oriental adopte son statut"},"content":{"rendered":"<div>\n<div style=\"margin-bottom:20px;\"><img loading=\"lazy\" decoding=\"async\" width=\"750\" height=\"430\" src=\"https:\/\/linitiative.ca\/International\/wp-content\/uploads\/sites\/23\/2021\/10\/Session-tenue-sous-la-prC3A9sidence-du-prC3A9sident-du-CRO-Abdenbi-Bioui-750C397430-MAP-1.jpg\" class=\"attachment-post-thumbnail size-post-thumbnail wp-post-image\" alt=\"\" srcset=\"https:\/\/linitiative.ca\/International\/wp-content\/uploads\/sites\/23\/2021\/10\/Session-tenue-sous-la-prC3A9sidence-du-prC3A9sident-du-CRO-Abdenbi-Bioui-750C397430-MAP-1.jpg 750w, http:\/\/www.mapoujda.ma\/map\/uploads\/2021\/10\/Session-tenue-sous-la-pr\u00e9sidence-du-pr\u00e9sident-du-CRO-Abdenbi-Bioui-750\u00d7430-MAP-1-300x172.jpg 300w\" sizes=\"auto, (max-width: 750px) 100vw, 750px\"><\/div>\n<div>\n<p style=\"text-align: justify;\">Le Conseil de la r\u00e9gion de l\u2019Oriental (CRO) a adopt\u00e9, lundi, son statut, lors de la session ordinaire du Conseil d\u2019octobre 2021.<\/p>\n<p style=\"text-align: justify;\">Le statut a \u00e9t\u00e9 adopt\u00e9 \u00e0 la majorit\u00e9 des voix, lors de cette session tenue sous la pr\u00e9sidence du pr\u00e9sident du CRO, Abdenbi Bioui, en pr\u00e9sence du Wali de la r\u00e9gion de l\u2019Oriental, Mouad El Jamai.<\/p>\n<p style=\"text-align: justify;\">Intervenant \u00e0 cette occasion, M. Bioui a relev\u00e9 que cette premi\u00e8re session ordinaire de l\u2019actuel mandat se d\u00e9roule dans un contexte marqu\u00e9 par le succ\u00e8s de l\u2019organisation des \u00e9lections l\u00e9gislatives, r\u00e9gionales et communales du 8 septembre dernier, qui constitue une \u00e9tape fondamentale sur la voie de la cons\u00e9cration de la d\u00e9centralisation au Maroc.<\/p>\n<p style=\"text-align: justify;\">Cette \u00e9tape ouvre des perspectives prometteuses en ce qui concerne le parach\u00e8vement des structures des instances \u00e9lues, ce qui encourage \u00e0 poursuivre l\u2019action sur les dossiers prioritaires, notamment la promotion du monde rural et la cr\u00e9ation d\u2019emplois, a-t-il affirm\u00e9, mettant l\u2019accent sur les objectifs de d\u00e9veloppement int\u00e9gr\u00e9 et durable, fix\u00e9s conform\u00e9ment aux Hautes orientations de SM le Roi Mohammed VI.<\/p>\n<p style=\"text-align: justify;\">M. Bioui a aussi fait part de sa d\u00e9termination, ainsi que celle du bureau du Conseil, \u00e0 mener une politique volontaire bas\u00e9e sur le rapprochement des services, l\u2019ouverture sur l\u2019environnement institutionnel, le tissu associatif et coop\u00e9ratif et les composantes du secteur priv\u00e9, tout en veillant \u00e0 am\u00e9liorer les m\u00e9thodes et m\u00e9canismes de mise en \u0153uvre des missions de cette institution au service de la promotion de la comp\u00e9titivit\u00e9 de la r\u00e9gion et de l\u2019utilisation optimale des ressources.<\/p>\n<p style=\"text-align: justify;\">\u00abNous vivons une nouvelle \u00e9tape du processus de gestion territoriale, que nous abordons en ayant pour acquis un bilan positif de l\u2019action participative, ainsi que deux documents fondamentaux \u00e0 caract\u00e8re prospectif, \u00e0 savoir le rapport g\u00e9n\u00e9ral sur le Nouveau mod\u00e8le de d\u00e9veloppement et le Sch\u00e9ma r\u00e9gional d\u2019am\u00e9nagement du territoire\u00bb, a-t-il soulign\u00e9.<\/p>\n<p style=\"text-align: justify;\">Tout cela rend n\u00e9cessaire l\u2019\u00e9laboration d\u2019une vision de d\u00e9veloppement global, \u00e0 m\u00eame d\u2019assurer la transition vers un mod\u00e8le socio-\u00e9conomique clair et homog\u00e8ne, qui place l\u2019\u00eatre humain au c\u0153ur des programmes et des projets de d\u00e9veloppement, a poursuivi M. Bioui.<\/p>\n<p style=\"text-align: justify;\">Il a, en outre, affirm\u00e9 que le CRO partage avec ses partenaires plusieurs pr\u00e9occupations relatives, entre autres, \u00e0 l\u2019am\u00e9lioration du climat des affaires, la promotion des investissements cr\u00e9ateurs d\u2019opportunit\u00e9s d\u2019emplois, l\u2019encouragement de l\u2019esprit d\u2019initiative surtout aupr\u00e8s des jeunes et des femmes, l\u2019am\u00e9lioration des conditions de vie en milieu rural et la cons\u00e9cration des principes de bonne gouvernance territoriale.<\/p>\n<p style=\"text-align: justify;\">Les travaux de la session ordinaire d\u2019octobre se poursuivront lors d\u2019une deuxi\u00e8me s\u00e9ance pr\u00e9vue jeudi 14 octobre, qui sera consacr\u00e9e \u00e0 la formation et l\u2019approbation des commissions permanentes du Conseil, \u00e0 l\u2019\u00e9lection des pr\u00e9sidents et des vice-pr\u00e9sidents de ces commissions et \u00e0 l\u2019\u00e9tude et l\u2019adoption du projet du budget du CRO au titre de l\u2019exercice 2022.<\/p>\n<\/div>\n<p>L\u2019article <a rel=\"nofollow\" href=\"http:\/\/www.mapoujda.ma\/fr\/le-conseil-regional-de-loriental-adopte-son-statut\/\">Le Conseil r\u00e9gional de l\u2019Oriental adopte son statut<\/a> est apparu en premier sur <a rel=\"nofollow\" href=\"http:\/\/www.mapoujda.ma\/fr\">MapOujda<\/a>.<\/p>\n<\/div>\n<p>Auteur: Soufiane ELAHMAR<br \/>\n<a href=\"http:\/\/www.mapoujda.ma\/fr\/le-conseil-regional-de-loriental-adopte-son-statut\/\">Cliquez ici pour lire l&rsquo;article depuis sa source.<\/a><\/p>\n","protected":false},"excerpt":{"rendered":"<p>Le Conseil de la r\u00e9gion de l\u2019Oriental (CRO) a adopt\u00e9, lundi, son statut, lors de la session ordinaire du Conseil d\u2019octobre 2021. Le statut a \u00e9t\u00e9 adopt\u00e9 \u00e0 la majorit\u00e9 des voix, lors de cette session tenue sous la pr\u00e9sidence du pr\u00e9sident du CRO, Abdenbi Bioui, en pr\u00e9sence du Wali de la r\u00e9gion de l\u2019Oriental, [&hellip;]<\/p>\n","protected":false},"author":1788,"featured_media":0,"comment_status":"closed","ping_status":"closed","sticky":false,"template":"","format":"standard","meta":{"fifu_image_url":"http:\/\/www.mapoujda.ma\/map\/uploads\/2021\/10\/Session-tenue-sous-la-pr\u00e9sidence-du-pr\u00e9sident-du-CRO-Abdenbi-Bioui-750\u00d7430-MAP-1.jpg","fifu_image_alt":"Le Conseil r\u00e9gional de l\u2019Oriental adopte son statut","footnotes":""},"categories":[54,76],"tags":[],"class_list":["post-129070","post","type-post","status-publish","format-standard","hentry","category-maroc","category-regions"],"_links":{"self":[{"href":"https:\/\/linitiative.ca\/International\/wp-json\/wp\/v2\/posts\/129070","targetHints":{"allow":["GET"]}}],"collection":[{"href":"https:\/\/linitiative.ca\/International\/wp-json\/wp\/v2\/posts"}],"about":[{"href":"https:\/\/linitiative.ca\/International\/wp-json\/wp\/v2\/types\/post"}],"author":[{"embeddable":true,"href":"https:\/\/linitiative.ca\/International\/wp-json\/wp\/v2\/users\/1788"}],"replies":[{"embeddable":true,"href":"https:\/\/linitiative.ca\/International\/wp-json\/wp\/v2\/comments?post=129070"}],"version-history":[{"count":0,"href":"https:\/\/linitiative.ca\/International\/wp-json\/wp\/v2\/posts\/129070\/revisions"}],"wp:attachment":[{"href":"https:\/\/linitiative.ca\/International\/wp-json\/wp\/v2\/media?parent=129070"}],"wp:term":[{"taxonomy":"category","embeddable":true,"href":"https:\/\/linitiative.ca\/International\/wp-json\/wp\/v2\/categories?post=129070"},{"taxonomy":"post_tag","embeddable":true,"href":"https:\/\/linitiative.ca\/International\/wp-json\/wp\/v2\/tags?post=129070"}],"curies":[{"name":"wp","href":"https:\/\/api.w.org\/{rel}","templated":true}]}}