{"id":129072,"date":"2021-10-05T10:23:55","date_gmt":"2021-10-05T14:23:55","guid":{"rendered":"https:\/\/linitiative.ca\/International\/nador-celebration-du-66e-anniversaire-du-lancement-des-operations-de-larmee-de-liberation-dans-le-nord\/"},"modified":"2021-10-05T10:23:55","modified_gmt":"2021-10-05T14:23:55","slug":"nador-celebration-du-66e-anniversaire-du-lancement-des-operations-de-larmee-de-liberation-dans-le-nord","status":"publish","type":"post","link":"https:\/\/linitiative.ca\/International\/nador-celebration-du-66e-anniversaire-du-lancement-des-operations-de-larmee-de-liberation-dans-le-nord\/","title":{"rendered":"Nador: C\u00e9l\u00e9bration du 66\u00e8 anniversaire du lancement des op\u00e9rations de l\u2019arm\u00e9e de lib\u00e9ration dans le nord"},"content":{"rendered":"<div>\n<div style=\"margin-bottom:20px;\"><img loading=\"lazy\" decoding=\"async\" width=\"750\" height=\"430\" src=\"https:\/\/linitiative.ca\/International\/wp-content\/uploads\/sites\/23\/2021\/10\/Mustapha-El-Ktiri-M750C397430-MAP.jpg\" class=\"attachment-post-thumbnail size-post-thumbnail wp-post-image\" alt=\"\" srcset=\"https:\/\/linitiative.ca\/International\/wp-content\/uploads\/sites\/23\/2021\/10\/Mustapha-El-Ktiri-M750C397430-MAP.jpg 750w, http:\/\/www.mapoujda.ma\/map\/uploads\/2021\/08\/Mustapha-El-Ktiri-M750\u00d7430-MAP-300x172.jpg 300w\" sizes=\"auto, (max-width: 750px) 100vw, 750px\"><\/div>\n<div>\n<p style=\"text-align: justify;\">Le si\u00e8ge de la pr\u00e9fecture de la province de Nador a accueilli, lundi, une rencontre de communication c\u00e9l\u00e9brant le 66\u00e8me anniversaire du lancement des op\u00e9rations de l\u2019Arm\u00e9e de lib\u00e9ration dans le nord du Royaume.<\/p>\n<p style=\"text-align: justify;\">Les intervenants lors de cette rencontre, tenue en pr\u00e9sence notamment du Haut-commissaire aux anciens r\u00e9sistants et anciens membres de l\u2019arm\u00e9e de lib\u00e9ration, M. Mustapha El Ktiri et du gouverneur de la province de Nador, M. Ali Khalil, ont mis en exergue l\u2019importance de cet \u00e9v\u00e8nement dans la m\u00e9moire nationale et dans l\u2019histoire de la lutte contre l\u2019occupation coloniale et pour l\u2019ind\u00e9pendance et l\u2019unit\u00e9 du Maroc.<\/p>\n<p style=\"text-align: justify;\">Dans une allocution, M. El Ktiri a indiqu\u00e9 que cette rencontre constitue une occasion pour c\u00e9l\u00e9brer des faits h\u00e9ro\u00efques, qui resteront grav\u00e9s en lettres d\u2019or sur les pages de l\u2019histoire de la lutte du Tr\u00f4ne et du peuple en faveur de l\u2019ind\u00e9pendance et de l\u2019int\u00e9grit\u00e9 territoriale du Royaume.<\/p>\n<p style=\"text-align: justify;\">L\u2019histoire des op\u00e9rations de l\u2019arm\u00e9e de lib\u00e9ration dans le Nord est porteuse de grands enseignements sur l\u2019amour de la Patrie, qui doivent \u00eatre communiqu\u00e9s aux g\u00e9n\u00e9rations montantes en vue de les \u00e9duquer aux valeurs de la citoyennet\u00e9 positive, a-t-il relev\u00e9.<\/p>\n<p style=\"text-align: justify;\">Cette c\u00e9l\u00e9bration est aussi une occasion de mettre en exergue le r\u00f4le pionnier jou\u00e9 par les valeureuses tribus rifaines pour faire face \u00e0 la pr\u00e9sence coloniale, a ajout\u00e9 M. El Ktiri, soulignant que d\u00e8s le d\u00e9but de l\u2019expansion coloniale au Maroc, les habitants de cette partie ch\u00e8re du territoire national ont livr\u00e9 des batailles c\u00e9l\u00e8bres pour d\u00e9fendre la Patrie et manifester leur attachement \u00e0 ses constantes.<\/p>\n<p style=\"text-align: justify;\">Par ailleurs, il a mis l\u2019accent sur les efforts men\u00e9s par le Haut-commissariat aux anciens r\u00e9sistants et anciens membres de l\u2019arm\u00e9e de lib\u00e9ration en mati\u00e8re de pr\u00e9servation de la m\u00e9moire historique \u00e0 l\u2019\u00e9chelle nationale et locale, en plus des hommages rendus aux figures de la r\u00e9sistance et de l\u2019arm\u00e9e de lib\u00e9ration et la promotion de la m\u00e9moire de la r\u00e9sistance aupr\u00e8s des g\u00e9n\u00e9rations montantes.<\/p>\n<p style=\"text-align: justify;\">Les autres intervenants lors de cette rencontre ont abord\u00e9 plusieurs aspects relatifs aux op\u00e9rations de l\u2019Arm\u00e9e de lib\u00e9ration dans le Nord, relevant que cette \u00e9pop\u00e9e historique traduit l\u2019attachement du peuple marocain au glorieux Tr\u00f4ne alaouite et la lutte courageuse pour d\u00e9fendre les constantes sacr\u00e9es de la Nation.<\/p>\n<p style=\"text-align: justify;\">Cette rencontre, tenue dans le respect des mesures de pr\u00e9vention et de pr\u00e9caution en vigueur pour faire face \u00e0 la pand\u00e9mie de la Covid-19, a \u00e9t\u00e9 marqu\u00e9e par des hommages posthumes \u00e0 des figures de la r\u00e9sistance et de l\u2019arm\u00e9e de lib\u00e9ration de la r\u00e9gion de Nador.<\/p>\n<\/div>\n<p>L\u2019article <a rel=\"nofollow\" href=\"http:\/\/www.mapoujda.ma\/fr\/nador-celebration-du-66e-anniversaire-du-lancement-des-operations-de-larmee-de-liberation-dans-le-nord\/\">Nador: C\u00e9l\u00e9bration du 66\u00e8 anniversaire du lancement des op\u00e9rations de l\u2019arm\u00e9e de lib\u00e9ration dans le nord<\/a> est apparu en premier sur <a rel=\"nofollow\" href=\"http:\/\/www.mapoujda.ma\/fr\">MapOujda<\/a>.<\/p>\n<\/div>\n<p>Auteur: Soufiane ELAHMAR<br \/>\n<a href=\"http:\/\/www.mapoujda.ma\/fr\/nador-celebration-du-66e-anniversaire-du-lancement-des-operations-de-larmee-de-liberation-dans-le-nord\/\">Cliquez ici pour lire l&rsquo;article depuis sa source.<\/a><\/p>\n","protected":false},"excerpt":{"rendered":"<p>Le si\u00e8ge de la pr\u00e9fecture de la province de Nador a accueilli, lundi, une rencontre de communication c\u00e9l\u00e9brant le 66\u00e8me anniversaire du lancement des op\u00e9rations de l\u2019Arm\u00e9e de lib\u00e9ration dans le nord du Royaume. Les intervenants lors de cette rencontre, tenue en pr\u00e9sence notamment du Haut-commissaire aux anciens r\u00e9sistants et anciens membres de l\u2019arm\u00e9e de [&hellip;]<\/p>\n","protected":false},"author":1788,"featured_media":0,"comment_status":"closed","ping_status":"closed","sticky":false,"template":"","format":"standard","meta":{"fifu_image_url":"http:\/\/www.mapoujda.ma\/map\/uploads\/2021\/08\/Mustapha-El-Ktiri-M750\u00d7430-MAP.jpg","fifu_image_alt":"Nador: C\u00e9l\u00e9bration du 66\u00e8 anniversaire du lancement des op\u00e9rations de l\u2019arm\u00e9e de lib\u00e9ration dans le nord","footnotes":""},"categories":[54,76],"tags":[],"class_list":["post-129072","post","type-post","status-publish","format-standard","hentry","category-maroc","category-regions"],"_links":{"self":[{"href":"https:\/\/linitiative.ca\/International\/wp-json\/wp\/v2\/posts\/129072","targetHints":{"allow":["GET"]}}],"collection":[{"href":"https:\/\/linitiative.ca\/International\/wp-json\/wp\/v2\/posts"}],"about":[{"href":"https:\/\/linitiative.ca\/International\/wp-json\/wp\/v2\/types\/post"}],"author":[{"embeddable":true,"href":"https:\/\/linitiative.ca\/International\/wp-json\/wp\/v2\/users\/1788"}],"replies":[{"embeddable":true,"href":"https:\/\/linitiative.ca\/International\/wp-json\/wp\/v2\/comments?post=129072"}],"version-history":[{"count":0,"href":"https:\/\/linitiative.ca\/International\/wp-json\/wp\/v2\/posts\/129072\/revisions"}],"wp:attachment":[{"href":"https:\/\/linitiative.ca\/International\/wp-json\/wp\/v2\/media?parent=129072"}],"wp:term":[{"taxonomy":"category","embeddable":true,"href":"https:\/\/linitiative.ca\/International\/wp-json\/wp\/v2\/categories?post=129072"},{"taxonomy":"post_tag","embeddable":true,"href":"https:\/\/linitiative.ca\/International\/wp-json\/wp\/v2\/tags?post=129072"}],"curies":[{"name":"wp","href":"https:\/\/api.w.org\/{rel}","templated":true}]}}