{"id":129078,"date":"2021-10-05T09:48:22","date_gmt":"2021-10-05T13:48:22","guid":{"rendered":"https:\/\/linitiative.ca\/International\/le-marche-de-lautomobile-reprend-du-poil-de-la-bete\/"},"modified":"2021-10-05T09:48:22","modified_gmt":"2021-10-05T13:48:22","slug":"le-marche-de-lautomobile-reprend-du-poil-de-la-bete","status":"publish","type":"post","link":"https:\/\/linitiative.ca\/International\/le-marche-de-lautomobile-reprend-du-poil-de-la-bete\/","title":{"rendered":"Le march\u00e9 de l&rsquo;automobile reprend du poil de la b\u00eate"},"content":{"rendered":"<div>\n<div class=\"field field-name-body field-type-text-with-summary field-label-hidden\">\n<div class=\"field-items\">\n<div class=\"field-item even\" property=\"content:encoded\">\n<p>En hausse de 12,64% par rapport \u00e0 fin septembre 2019, les ventes de voitures neuves au Maroc se sont chiffr\u00e9es \u00e0 131.637 unit\u00e9s au titre des neuf premiers mois de cette ann\u00e9e, selon les statistiques mensuelles de l&rsquo;Association des importateurs de v\u00e9hicules automobiles au Maroc (AIVAM).<\/p>\n<\/div>\n<\/div>\n<\/div>\n<\/div>\n<p>Auteur: mbasraoui<br \/>\n<a href=\"https:\/\/www.leconomiste.com\/flash-infos\/le-marche-de-l-automobile-reprend-du-poil-de-la-bete\">Cliquez ici pour lire l&rsquo;article depuis sa source.<\/a><\/p>\n","protected":false},"excerpt":{"rendered":"<p>En hausse de 12,64% par rapport \u00e0 fin septembre 2019, les ventes de voitures neuves au Maroc se sont chiffr\u00e9es \u00e0 131.637 unit\u00e9s au titre des neuf premiers mois de cette ann\u00e9e, selon les statistiques mensuelles de l&rsquo;Association des importateurs de v\u00e9hicules automobiles au Maroc (AIVAM). Auteur: mbasraoui Cliquez ici pour lire l&rsquo;article depuis sa [&hellip;]<\/p>\n","protected":false},"author":1763,"featured_media":0,"comment_status":"closed","ping_status":"closed","sticky":false,"template":"","format":"standard","meta":{"fifu_image_url":"","fifu_image_alt":"","footnotes":""},"categories":[78,54],"tags":[],"class_list":["post-129078","post","type-post","status-publish","format-standard","hentry","category-economie","category-maroc"],"_links":{"self":[{"href":"https:\/\/linitiative.ca\/International\/wp-json\/wp\/v2\/posts\/129078","targetHints":{"allow":["GET"]}}],"collection":[{"href":"https:\/\/linitiative.ca\/International\/wp-json\/wp\/v2\/posts"}],"about":[{"href":"https:\/\/linitiative.ca\/International\/wp-json\/wp\/v2\/types\/post"}],"author":[{"embeddable":true,"href":"https:\/\/linitiative.ca\/International\/wp-json\/wp\/v2\/users\/1763"}],"replies":[{"embeddable":true,"href":"https:\/\/linitiative.ca\/International\/wp-json\/wp\/v2\/comments?post=129078"}],"version-history":[{"count":0,"href":"https:\/\/linitiative.ca\/International\/wp-json\/wp\/v2\/posts\/129078\/revisions"}],"wp:attachment":[{"href":"https:\/\/linitiative.ca\/International\/wp-json\/wp\/v2\/media?parent=129078"}],"wp:term":[{"taxonomy":"category","embeddable":true,"href":"https:\/\/linitiative.ca\/International\/wp-json\/wp\/v2\/categories?post=129078"},{"taxonomy":"post_tag","embeddable":true,"href":"https:\/\/linitiative.ca\/International\/wp-json\/wp\/v2\/tags?post=129078"}],"curies":[{"name":"wp","href":"https:\/\/api.w.org\/{rel}","templated":true}]}}