{"id":129080,"date":"2021-10-05T12:35:33","date_gmt":"2021-10-05T16:35:33","guid":{"rendered":"https:\/\/linitiative.ca\/International\/world-investor-week-lammc-promeut-leducation-financiere\/"},"modified":"2021-10-05T12:35:33","modified_gmt":"2021-10-05T16:35:33","slug":"world-investor-week-lammc-promeut-leducation-financiere","status":"publish","type":"post","link":"https:\/\/linitiative.ca\/International\/world-investor-week-lammc-promeut-leducation-financiere\/","title":{"rendered":"World Investor Week: L\u2019AMMC promeut l\u2019\u00e9ducation financi\u00e8re"},"content":{"rendered":"<div>\n<div class=\"field field-name-body field-type-text-with-summary field-label-hidden\">\n<div class=\"field-items\">\n<div class=\"field-item even\" property=\"content:encoded\">\n<p class=\"rtejustify\">L\u2019\u00e9ducation financi\u00e8re n\u2019est pas un domaine accessible \u00e0 tous. Pour faire mieux comprendre les concepts relatifs au march\u00e9 des capitaux, l\u2019Autorit\u00e9 marocaine du march\u00e9 des capitaux (AMMC) initie un ensemble d\u2019actions dans le cadre de la \u00ab\u00a0World Investor Week (WIW)\u00a0\u00bb. L\u2019\u00e9v\u00e9nement c\u00e9l\u00e9br\u00e9 durant les mois d\u2019octobre et de novembre est l\u2019occasion pour l\u2019AMMC de rendre les diff\u00e9rents concepts relatifs au march\u00e9 des capitaux plus accessibles au grand public et de renforcer les connaissances et les aptitudes financi\u00e8res des \u00e9pargnants.<\/p>\n<\/div>\n<\/div>\n<\/div>\n<\/div>\n<p>Auteur: hgueye<br \/>\n<a href=\"https:\/\/www.leconomiste.com\/flash-infos\/world-investor-week-l-ammc-promeut-l-education-financiere\">Cliquez ici pour lire l&rsquo;article depuis sa source.<\/a><\/p>\n","protected":false},"excerpt":{"rendered":"<p>L\u2019\u00e9ducation financi\u00e8re n\u2019est pas un domaine accessible \u00e0 tous. Pour faire mieux comprendre les concepts relatifs au march\u00e9 des capitaux, l\u2019Autorit\u00e9 marocaine du march\u00e9 des capitaux (AMMC) initie un ensemble d\u2019actions dans le cadre de la \u00ab\u00a0World Investor Week (WIW)\u00a0\u00bb. L\u2019\u00e9v\u00e9nement c\u00e9l\u00e9br\u00e9 durant les mois d\u2019octobre et de novembre est l\u2019occasion pour l\u2019AMMC de rendre [&hellip;]<\/p>\n","protected":false},"author":1763,"featured_media":0,"comment_status":"closed","ping_status":"closed","sticky":false,"template":"","format":"standard","meta":{"fifu_image_url":"","fifu_image_alt":"","footnotes":""},"categories":[78,54],"tags":[],"class_list":["post-129080","post","type-post","status-publish","format-standard","hentry","category-economie","category-maroc"],"_links":{"self":[{"href":"https:\/\/linitiative.ca\/International\/wp-json\/wp\/v2\/posts\/129080","targetHints":{"allow":["GET"]}}],"collection":[{"href":"https:\/\/linitiative.ca\/International\/wp-json\/wp\/v2\/posts"}],"about":[{"href":"https:\/\/linitiative.ca\/International\/wp-json\/wp\/v2\/types\/post"}],"author":[{"embeddable":true,"href":"https:\/\/linitiative.ca\/International\/wp-json\/wp\/v2\/users\/1763"}],"replies":[{"embeddable":true,"href":"https:\/\/linitiative.ca\/International\/wp-json\/wp\/v2\/comments?post=129080"}],"version-history":[{"count":0,"href":"https:\/\/linitiative.ca\/International\/wp-json\/wp\/v2\/posts\/129080\/revisions"}],"wp:attachment":[{"href":"https:\/\/linitiative.ca\/International\/wp-json\/wp\/v2\/media?parent=129080"}],"wp:term":[{"taxonomy":"category","embeddable":true,"href":"https:\/\/linitiative.ca\/International\/wp-json\/wp\/v2\/categories?post=129080"},{"taxonomy":"post_tag","embeddable":true,"href":"https:\/\/linitiative.ca\/International\/wp-json\/wp\/v2\/tags?post=129080"}],"curies":[{"name":"wp","href":"https:\/\/api.w.org\/{rel}","templated":true}]}}