{"id":129081,"date":"2021-10-05T03:24:00","date_gmt":"2021-10-05T07:24:00","guid":{"rendered":"https:\/\/linitiative.ca\/International\/les-verts-entament-leur-preparation-pour-la-double-confrontation-face-au-niger\/"},"modified":"2021-10-05T03:24:00","modified_gmt":"2021-10-05T07:24:00","slug":"les-verts-entament-leur-preparation-pour-la-double-confrontation-face-au-niger","status":"publish","type":"post","link":"https:\/\/linitiative.ca\/International\/les-verts-entament-leur-preparation-pour-la-double-confrontation-face-au-niger\/","title":{"rendered":"Les Verts entament leur pr\u00e9paration pour la double confrontation face au Niger"},"content":{"rendered":"<div>Ramy Bensebaini et Sofiane Feghouli sont les deux seuls absent de cette premi\u00e8re s\u00e9ance d&rsquo;entrainement. Leur arriv\u00e9e est pr\u00e9vue mercredi<img loading=\"lazy\" decoding=\"async\" src=\"http:\/\/feeds.feedburner.com\/~r\/GalerieFArtciles\/~4\/mLvYP34bZf4\" height=\"1\" width=\"1\" alt=\"\"><\/div>\n<p>Auteur:<br \/>\n<a href=\"http:\/\/www.lebuteur.com\/article\/detail?titre=les-verts-entament-leur-preparation-pour-la-double-confrontation-face-au-niger&#038;id=101247&#038;utm_source=feedburner&#038;utm_medium=feed&#038;utm_campaign=Feed%3A+GalerieFArtciles+%28Les+derniers+articles++-+lebuteur.com%29\">Cliquez ici pour lire l&rsquo;article depuis sa source.<\/a><\/p>\n","protected":false},"excerpt":{"rendered":"<p>Ramy Bensebaini et Sofiane Feghouli sont les deux seuls absent de cette premi\u00e8re s\u00e9ance d&rsquo;entrainement. Leur arriv\u00e9e est pr\u00e9vue mercredi Auteur: Cliquez ici pour lire l&rsquo;article depuis sa source.<\/p>\n","protected":false},"author":1738,"featured_media":0,"comment_status":"closed","ping_status":"closed","sticky":false,"template":"","format":"standard","meta":{"fifu_image_url":"http:\/\/feeds.feedburner.com\/~r\/GalerieFArtciles\/~4\/mLvYP34bZf4","fifu_image_alt":"Les Verts entament leur pr\u00e9paration pour la double confrontation face au Niger","footnotes":""},"categories":[53,75],"tags":[],"class_list":["post-129081","post","type-post","status-publish","format-standard","hentry","category-algerie","category-sport"],"_links":{"self":[{"href":"https:\/\/linitiative.ca\/International\/wp-json\/wp\/v2\/posts\/129081","targetHints":{"allow":["GET"]}}],"collection":[{"href":"https:\/\/linitiative.ca\/International\/wp-json\/wp\/v2\/posts"}],"about":[{"href":"https:\/\/linitiative.ca\/International\/wp-json\/wp\/v2\/types\/post"}],"author":[{"embeddable":true,"href":"https:\/\/linitiative.ca\/International\/wp-json\/wp\/v2\/users\/1738"}],"replies":[{"embeddable":true,"href":"https:\/\/linitiative.ca\/International\/wp-json\/wp\/v2\/comments?post=129081"}],"version-history":[{"count":0,"href":"https:\/\/linitiative.ca\/International\/wp-json\/wp\/v2\/posts\/129081\/revisions"}],"wp:attachment":[{"href":"https:\/\/linitiative.ca\/International\/wp-json\/wp\/v2\/media?parent=129081"}],"wp:term":[{"taxonomy":"category","embeddable":true,"href":"https:\/\/linitiative.ca\/International\/wp-json\/wp\/v2\/categories?post=129081"},{"taxonomy":"post_tag","embeddable":true,"href":"https:\/\/linitiative.ca\/International\/wp-json\/wp\/v2\/tags?post=129081"}],"curies":[{"name":"wp","href":"https:\/\/api.w.org\/{rel}","templated":true}]}}