{"id":129104,"date":"2021-10-05T13:41:00","date_gmt":"2021-10-05T17:41:00","guid":{"rendered":"https:\/\/linitiative.ca\/International\/fidef-federation-internationale-des-experts-comptables-et-commissaires-aux-comptes-francophones\/"},"modified":"2021-10-05T13:41:00","modified_gmt":"2021-10-05T17:41:00","slug":"fidef-federation-internationale-des-experts-comptables-et-commissaires-aux-comptes-francophones","status":"publish","type":"post","link":"https:\/\/linitiative.ca\/International\/fidef-federation-internationale-des-experts-comptables-et-commissaires-aux-comptes-francophones\/","title":{"rendered":"FIDEF : F\u00e9d\u00e9ration Internationale des Experts-Comptables et Commissaires aux Comptes Francophones"},"content":{"rendered":"<div><img decoding=\"async\" src=\"https:\/\/linitiative.ca\/International\/wp-content\/uploads\/sites\/23\/2021\/10\/1633452258_article.jpg\" alt=\"FIDEF : F\u00e9d\u00e9ration Internationale des Experts-Comptables et Commissaires aux Comptes Francophones\" align=\"left\">Jusque-l\u00e0 vice-pr\u00e9sident, Slaheddine Zahaf a \u00e9t\u00e9 \u00e9lu \u00e0 l\u2019unanimit\u00e9 pr\u00e9sident de la F\u00e9d\u00e9ration Internationale des Experts-Comptables et Commissaires aux Comptes Francophones (FIDEF). Cette cons\u00e9cration est intervenue lors de l\u2019assembl\u00e9e g\u00e9n\u00e9rale de la F\u00e9d\u00e9ration tenue mardi 5 octobre \u00e0 Bordeaux. Outre sa qualit\u00e9 de pr\u00e9sident du Conseil de l\u2019Ordre des Experts comptables de Tunisie, Slaheddine Zahaf a gagn\u00e9 la confiance et l\u2019estime de ses pairs francophones par le r\u00f4le actif qu\u2019il n\u2019a cess\u00e9 d\u2019accomplir au sein de la F\u00e9d\u00e9ration. Aussi, il a fait obtenir \u00e0 la Tunisie un deuxi\u00e8me si\u00e8ge au conseil d\u2019administration qui sera occup\u00e9 par celui qui lui &#8230;<\/p>\n<\/div>\n<p>Auteur:<br \/>\n<a href=\"https:\/\/www.leaders.com.tn\/article\/32494-fidef-federation-internationale-des-experts-comptables-et-commissaires-aux-comptes-francophones\">Cliquez ici pour lire l&rsquo;article depuis sa source.<\/a><\/p>\n","protected":false},"excerpt":{"rendered":"<p>Jusque-l\u00e0 vice-pr\u00e9sident, Slaheddine Zahaf a \u00e9t\u00e9 \u00e9lu \u00e0 l\u2019unanimit\u00e9 pr\u00e9sident de la F\u00e9d\u00e9ration Internationale des Experts-Comptables et Commissaires aux Comptes Francophones (FIDEF). Cette cons\u00e9cration est intervenue lors de l\u2019assembl\u00e9e g\u00e9n\u00e9rale de la F\u00e9d\u00e9ration tenue mardi 5 octobre \u00e0 Bordeaux. Outre sa qualit\u00e9 de pr\u00e9sident du Conseil de l\u2019Ordre des Experts comptables de Tunisie, Slaheddine Zahaf [&hellip;]<\/p>\n","protected":false},"author":1772,"featured_media":0,"comment_status":"closed","ping_status":"closed","sticky":false,"template":"","format":"standard","meta":{"fifu_image_url":"http:\/\/www.leaders.com.tn\/uploads\/content\/thumbnails_small\/1633452258_article.jpg","fifu_image_alt":"FIDEF : F\u00e9d\u00e9ration Internationale des Experts-Comptables et Commissaires aux Comptes Francophones","footnotes":""},"categories":[73,55],"tags":[],"class_list":["post-129104","post","type-post","status-publish","format-standard","hentry","category-actualite","category-tunisie"],"_links":{"self":[{"href":"https:\/\/linitiative.ca\/International\/wp-json\/wp\/v2\/posts\/129104","targetHints":{"allow":["GET"]}}],"collection":[{"href":"https:\/\/linitiative.ca\/International\/wp-json\/wp\/v2\/posts"}],"about":[{"href":"https:\/\/linitiative.ca\/International\/wp-json\/wp\/v2\/types\/post"}],"author":[{"embeddable":true,"href":"https:\/\/linitiative.ca\/International\/wp-json\/wp\/v2\/users\/1772"}],"replies":[{"embeddable":true,"href":"https:\/\/linitiative.ca\/International\/wp-json\/wp\/v2\/comments?post=129104"}],"version-history":[{"count":0,"href":"https:\/\/linitiative.ca\/International\/wp-json\/wp\/v2\/posts\/129104\/revisions"}],"wp:attachment":[{"href":"https:\/\/linitiative.ca\/International\/wp-json\/wp\/v2\/media?parent=129104"}],"wp:term":[{"taxonomy":"category","embeddable":true,"href":"https:\/\/linitiative.ca\/International\/wp-json\/wp\/v2\/categories?post=129104"},{"taxonomy":"post_tag","embeddable":true,"href":"https:\/\/linitiative.ca\/International\/wp-json\/wp\/v2\/tags?post=129104"}],"curies":[{"name":"wp","href":"https:\/\/api.w.org\/{rel}","templated":true}]}}