{"id":129109,"date":"2021-10-05T06:00:00","date_gmt":"2021-10-05T10:00:00","guid":{"rendered":"https:\/\/linitiative.ca\/International\/les-pharmaciens-de-setif-et-le-sg-du-ministere\/"},"modified":"2021-10-05T06:00:00","modified_gmt":"2021-10-05T10:00:00","slug":"les-pharmaciens-de-setif-et-le-sg-du-ministere","status":"publish","type":"post","link":"https:\/\/linitiative.ca\/International\/les-pharmaciens-de-setif-et-le-sg-du-ministere\/","title":{"rendered":"Les pharmaciens de S\u00e9tif et le SG du minist\u00e8re"},"content":{"rendered":"<div>Alors que la justice s\u2019est prononc\u00e9e d\u00e9finitivement sur la fermeture de 53 pharmacies qui exercent sans autorisation de l\u2019Ordre des pharmaciens de S\u00e9tif, le secr\u00e9taire g\u00e9n\u00e9ral du minist\u00e8re de la Sant\u00e9 vient<\/div>\n<p>Auteur:<br \/>\n<a href=\"https:\/\/www.lesoirdalgerie.com\/periscoop\/les-pharmaciens-de-setif-et-le-sg-du-ministere-68469\">Cliquez ici pour lire l&rsquo;article depuis sa source.<\/a><\/p>\n","protected":false},"excerpt":{"rendered":"<p>Alors que la justice s\u2019est prononc\u00e9e d\u00e9finitivement sur la fermeture de 53 pharmacies qui exercent sans autorisation de l\u2019Ordre des pharmaciens de S\u00e9tif, le secr\u00e9taire g\u00e9n\u00e9ral du minist\u00e8re de la Sant\u00e9 vient Auteur: Cliquez ici pour lire l&rsquo;article depuis sa source.<\/p>\n","protected":false},"author":1741,"featured_media":0,"comment_status":"closed","ping_status":"closed","sticky":false,"template":"","format":"standard","meta":{"fifu_image_url":"","fifu_image_alt":"","footnotes":""},"categories":[73,53],"tags":[],"class_list":["post-129109","post","type-post","status-publish","format-standard","hentry","category-actualite","category-algerie"],"_links":{"self":[{"href":"https:\/\/linitiative.ca\/International\/wp-json\/wp\/v2\/posts\/129109","targetHints":{"allow":["GET"]}}],"collection":[{"href":"https:\/\/linitiative.ca\/International\/wp-json\/wp\/v2\/posts"}],"about":[{"href":"https:\/\/linitiative.ca\/International\/wp-json\/wp\/v2\/types\/post"}],"author":[{"embeddable":true,"href":"https:\/\/linitiative.ca\/International\/wp-json\/wp\/v2\/users\/1741"}],"replies":[{"embeddable":true,"href":"https:\/\/linitiative.ca\/International\/wp-json\/wp\/v2\/comments?post=129109"}],"version-history":[{"count":0,"href":"https:\/\/linitiative.ca\/International\/wp-json\/wp\/v2\/posts\/129109\/revisions"}],"wp:attachment":[{"href":"https:\/\/linitiative.ca\/International\/wp-json\/wp\/v2\/media?parent=129109"}],"wp:term":[{"taxonomy":"category","embeddable":true,"href":"https:\/\/linitiative.ca\/International\/wp-json\/wp\/v2\/categories?post=129109"},{"taxonomy":"post_tag","embeddable":true,"href":"https:\/\/linitiative.ca\/International\/wp-json\/wp\/v2\/tags?post=129109"}],"curies":[{"name":"wp","href":"https:\/\/api.w.org\/{rel}","templated":true}]}}