{"id":129113,"date":"2021-10-05T12:14:32","date_gmt":"2021-10-05T16:14:32","guid":{"rendered":"https:\/\/linitiative.ca\/International\/marrakech-accueillera-en-novembre-le-sommet-des-entreprises-ue-afrique\/"},"modified":"2021-10-05T12:14:32","modified_gmt":"2021-10-05T16:14:32","slug":"marrakech-accueillera-en-novembre-le-sommet-des-entreprises-ue-afrique","status":"publish","type":"post","link":"https:\/\/linitiative.ca\/International\/marrakech-accueillera-en-novembre-le-sommet-des-entreprises-ue-afrique\/","title":{"rendered":"Marrakech accueillera en novembre le Sommet des entreprises UE-Afrique"},"content":{"rendered":"<div><img decoding=\"async\" width=\"588\" height=\"388\" src=\"https:\/\/linitiative.ca\/International\/wp-content\/uploads\/sites\/23\/2021\/10\/kech.png\" class=\"attachment-post-thumbnail size-post-thumbnail wp-post-image\" alt=\"\" loading=\"lazy\" srcset=\"https:\/\/linitiative.ca\/International\/wp-content\/uploads\/sites\/23\/2021\/10\/kech.png 588w, https:\/\/www.challenge.ma\/wp-content\/uploads\/2021\/10\/kech-300x198.png 300w, https:\/\/www.challenge.ma\/wp-content\/uploads\/2021\/10\/kech-360x238.png 360w\" sizes=\"auto, (max-width: 588px) 100vw, 588px\" itemprop=\"image\">Marrakech abritera, les 28 et 29 novembre prochain, la 4\u00e8me \u00e9dition du sommet EU-Africa European Business Summit. Le sommet EU-Africa European Business Summit est un rendez-vous annuel d\u00e9di\u00e9 \u00e0 la promotion et \u00e0 la facilitation du commerce et des investissements entre les deux continents. L\u2019objectif de ce sommet est de<\/div>\n<p>Auteur: challenge<br \/>\n<a href=\"https:\/\/www.challenge.ma\/marrakech-accueillera-en-novembre-le-sommet-des-entreprises-ue-afrique-222582\/\">Cliquez ici pour lire l&rsquo;article depuis sa source.<\/a><\/p>\n","protected":false},"excerpt":{"rendered":"<p>Marrakech abritera, les 28 et 29 novembre prochain, la 4\u00e8me \u00e9dition du sommet EU-Africa European Business Summit. Le sommet EU-Africa European Business Summit est un rendez-vous annuel d\u00e9di\u00e9 \u00e0 la promotion et \u00e0 la facilitation du commerce et des investissements entre les deux continents. L\u2019objectif de ce sommet est de Auteur: challenge Cliquez ici pour [&hellip;]<\/p>\n","protected":false},"author":1787,"featured_media":0,"comment_status":"closed","ping_status":"closed","sticky":false,"template":"","format":"standard","meta":{"fifu_image_url":"https:\/\/www.challenge.ma\/wp-content\/uploads\/2021\/10\/kech.png","fifu_image_alt":"Marrakech accueillera en novembre le Sommet des entreprises UE-Afrique","footnotes":""},"categories":[78,54],"tags":[],"class_list":["post-129113","post","type-post","status-publish","format-standard","hentry","category-economie","category-maroc"],"_links":{"self":[{"href":"https:\/\/linitiative.ca\/International\/wp-json\/wp\/v2\/posts\/129113","targetHints":{"allow":["GET"]}}],"collection":[{"href":"https:\/\/linitiative.ca\/International\/wp-json\/wp\/v2\/posts"}],"about":[{"href":"https:\/\/linitiative.ca\/International\/wp-json\/wp\/v2\/types\/post"}],"author":[{"embeddable":true,"href":"https:\/\/linitiative.ca\/International\/wp-json\/wp\/v2\/users\/1787"}],"replies":[{"embeddable":true,"href":"https:\/\/linitiative.ca\/International\/wp-json\/wp\/v2\/comments?post=129113"}],"version-history":[{"count":0,"href":"https:\/\/linitiative.ca\/International\/wp-json\/wp\/v2\/posts\/129113\/revisions"}],"wp:attachment":[{"href":"https:\/\/linitiative.ca\/International\/wp-json\/wp\/v2\/media?parent=129113"}],"wp:term":[{"taxonomy":"category","embeddable":true,"href":"https:\/\/linitiative.ca\/International\/wp-json\/wp\/v2\/categories?post=129113"},{"taxonomy":"post_tag","embeddable":true,"href":"https:\/\/linitiative.ca\/International\/wp-json\/wp\/v2\/tags?post=129113"}],"curies":[{"name":"wp","href":"https:\/\/api.w.org\/{rel}","templated":true}]}}