{"id":129117,"date":"2021-10-05T16:43:39","date_gmt":"2021-10-05T20:43:39","guid":{"rendered":"https:\/\/linitiative.ca\/International\/chambre-des-conseillers-les-noms-des-representants-elus-de-la-cgem\/"},"modified":"2021-10-05T16:43:39","modified_gmt":"2021-10-05T20:43:39","slug":"chambre-des-conseillers-les-noms-des-representants-elus-de-la-cgem","status":"publish","type":"post","link":"https:\/\/linitiative.ca\/International\/chambre-des-conseillers-les-noms-des-representants-elus-de-la-cgem\/","title":{"rendered":"CHAMBRE DES CONSEILLERS: LES NOMS DES REPR\u00c9SENTANTS \u00c9LUS DE LA CGEM"},"content":{"rendered":"<div><img decoding=\"async\" width=\"1508\" height=\"850\" src=\"https:\/\/linitiative.ca\/International\/wp-content\/uploads\/sites\/23\/2021\/10\/cgm.jpg\" class=\"attachment-post-thumbnail size-post-thumbnail wp-post-image\" alt=\"\" loading=\"lazy\" srcset=\"https:\/\/linitiative.ca\/International\/wp-content\/uploads\/sites\/23\/2021\/10\/cgm.jpg 1508w, https:\/\/www.challenge.ma\/wp-content\/uploads\/2021\/10\/cgm-300x169.jpg 300w, https:\/\/www.challenge.ma\/wp-content\/uploads\/2021\/10\/cgm-1024x577.jpg 1024w, https:\/\/www.challenge.ma\/wp-content\/uploads\/2021\/10\/cgm-768x433.jpg 768w, https:\/\/www.challenge.ma\/wp-content\/uploads\/2021\/10\/cgm-360x203.jpg 360w, https:\/\/www.challenge.ma\/wp-content\/uploads\/2021\/10\/cgm-750x423.jpg 750w\" sizes=\"auto, (max-width: 1508px) 100vw, 1508px\" itemprop=\"image\">26 candidats r\u00e9partis sur 9 listes \u00e9taient en lice pour remporter les 8 si\u00e8ges r\u00e9serv\u00e9s aux employeurs au sein de la Chambre des conseillers. Voici les noms des chefs d\u2019entreprises \u00e9lus lors du scrutin de ce mardi 5 octobre 2021, qui formeront le nouveau groupe parlementaire de la conf\u00e9d\u00e9ration patronale.<\/div>\n<p>Auteur: challenge<br \/>\n<a href=\"https:\/\/www.challenge.ma\/chambre-des-conseillers-les-noms-des-representants-elus-de-la-cgem-222601\/\">Cliquez ici pour lire l&rsquo;article depuis sa source.<\/a><\/p>\n","protected":false},"excerpt":{"rendered":"<p>26 candidats r\u00e9partis sur 9 listes \u00e9taient en lice pour remporter les 8 si\u00e8ges r\u00e9serv\u00e9s aux employeurs au sein de la Chambre des conseillers. Voici les noms des chefs d\u2019entreprises \u00e9lus lors du scrutin de ce mardi 5 octobre 2021, qui formeront le nouveau groupe parlementaire de la conf\u00e9d\u00e9ration patronale. Auteur: challenge Cliquez ici pour [&hellip;]<\/p>\n","protected":false},"author":1787,"featured_media":0,"comment_status":"closed","ping_status":"closed","sticky":false,"template":"","format":"standard","meta":{"fifu_image_url":"https:\/\/www.challenge.ma\/wp-content\/uploads\/2021\/10\/cgm.jpg","fifu_image_alt":"CHAMBRE DES CONSEILLERS: LES NOMS DES REPR\u00c9SENTANTS \u00c9LUS DE LA CGEM","footnotes":""},"categories":[78,54],"tags":[],"class_list":["post-129117","post","type-post","status-publish","format-standard","hentry","category-economie","category-maroc"],"_links":{"self":[{"href":"https:\/\/linitiative.ca\/International\/wp-json\/wp\/v2\/posts\/129117","targetHints":{"allow":["GET"]}}],"collection":[{"href":"https:\/\/linitiative.ca\/International\/wp-json\/wp\/v2\/posts"}],"about":[{"href":"https:\/\/linitiative.ca\/International\/wp-json\/wp\/v2\/types\/post"}],"author":[{"embeddable":true,"href":"https:\/\/linitiative.ca\/International\/wp-json\/wp\/v2\/users\/1787"}],"replies":[{"embeddable":true,"href":"https:\/\/linitiative.ca\/International\/wp-json\/wp\/v2\/comments?post=129117"}],"version-history":[{"count":0,"href":"https:\/\/linitiative.ca\/International\/wp-json\/wp\/v2\/posts\/129117\/revisions"}],"wp:attachment":[{"href":"https:\/\/linitiative.ca\/International\/wp-json\/wp\/v2\/media?parent=129117"}],"wp:term":[{"taxonomy":"category","embeddable":true,"href":"https:\/\/linitiative.ca\/International\/wp-json\/wp\/v2\/categories?post=129117"},{"taxonomy":"post_tag","embeddable":true,"href":"https:\/\/linitiative.ca\/International\/wp-json\/wp\/v2\/tags?post=129117"}],"curies":[{"name":"wp","href":"https:\/\/api.w.org\/{rel}","templated":true}]}}