{"id":129121,"date":"2021-10-05T16:04:48","date_gmt":"2021-10-05T20:04:48","guid":{"rendered":"https:\/\/linitiative.ca\/International\/tunisie-la-date-del-mouled-sera-annoncee-demain\/"},"modified":"2021-10-05T16:04:48","modified_gmt":"2021-10-05T20:04:48","slug":"tunisie-la-date-del-mouled-sera-annoncee-demain","status":"publish","type":"post","link":"https:\/\/linitiative.ca\/International\/tunisie-la-date-del-mouled-sera-annoncee-demain\/","title":{"rendered":"Tunisie : La date d\u2019El Mouled sera annonc\u00e9e demain"},"content":{"rendered":"<div>\n<p>L\u2019observation du croissant de Rabi\u2019 al-Awwal pour l\u2019ann\u00e9e 1443 AH aura lieu apr\u00e8s le coucher du soleil demain, mercredi 29 Safar 1443 correspondant au 6 octobre 2021. Selon les donn\u00e9es astronomiques, le croissant lunaire ne sera pas visible au d\u00e9but du mois de Rabi\u2019 al-Awwal pour l\u2019ann\u00e9e 1443 AH apr\u00e8s le coucher du soleil du [\u2026]<\/p>\n<p>L\u2019article <a href=\"https:\/\/www.tunisienumerique.com\/tunisie-la-date-del-mouled-sera-annoncee-demain\/\">Tunisie : La date d\u2019El Mouled sera annonc\u00e9e demain<\/a> est apparu en premier sur <a href=\"https:\/\/www.tunisienumerique.com\/\">Tunisie<\/a>.<\/p>\n<\/div>\n<p>Auteur: rania ben slimane<br \/>\n<a href=\"https:\/\/www.tunisienumerique.com\/tunisie-la-date-del-mouled-sera-annoncee-demain\/\">Cliquez ici pour lire l&rsquo;article depuis sa source.<\/a><\/p>\n","protected":false},"excerpt":{"rendered":"<p>L\u2019observation du croissant de Rabi\u2019 al-Awwal pour l\u2019ann\u00e9e 1443 AH aura lieu apr\u00e8s le coucher du soleil demain, mercredi 29 Safar 1443 correspondant au 6 octobre 2021. Selon les donn\u00e9es astronomiques, le croissant lunaire ne sera pas visible au d\u00e9but du mois de Rabi\u2019 al-Awwal pour l\u2019ann\u00e9e 1443 AH apr\u00e8s le coucher du soleil du [&hellip;]<\/p>\n","protected":false},"author":1789,"featured_media":0,"comment_status":"closed","ping_status":"closed","sticky":false,"template":"","format":"standard","meta":{"fifu_image_url":"","fifu_image_alt":"","footnotes":""},"categories":[73,55],"tags":[],"class_list":["post-129121","post","type-post","status-publish","format-standard","hentry","category-actualite","category-tunisie"],"_links":{"self":[{"href":"https:\/\/linitiative.ca\/International\/wp-json\/wp\/v2\/posts\/129121","targetHints":{"allow":["GET"]}}],"collection":[{"href":"https:\/\/linitiative.ca\/International\/wp-json\/wp\/v2\/posts"}],"about":[{"href":"https:\/\/linitiative.ca\/International\/wp-json\/wp\/v2\/types\/post"}],"author":[{"embeddable":true,"href":"https:\/\/linitiative.ca\/International\/wp-json\/wp\/v2\/users\/1789"}],"replies":[{"embeddable":true,"href":"https:\/\/linitiative.ca\/International\/wp-json\/wp\/v2\/comments?post=129121"}],"version-history":[{"count":0,"href":"https:\/\/linitiative.ca\/International\/wp-json\/wp\/v2\/posts\/129121\/revisions"}],"wp:attachment":[{"href":"https:\/\/linitiative.ca\/International\/wp-json\/wp\/v2\/media?parent=129121"}],"wp:term":[{"taxonomy":"category","embeddable":true,"href":"https:\/\/linitiative.ca\/International\/wp-json\/wp\/v2\/categories?post=129121"},{"taxonomy":"post_tag","embeddable":true,"href":"https:\/\/linitiative.ca\/International\/wp-json\/wp\/v2\/tags?post=129121"}],"curies":[{"name":"wp","href":"https:\/\/api.w.org\/{rel}","templated":true}]}}