{"id":129122,"date":"2021-10-05T16:45:10","date_gmt":"2021-10-05T20:45:10","guid":{"rendered":"https:\/\/linitiative.ca\/International\/zarzis-video-accord-de-fermeture-du-foyer-des-migrants-et-de-les-transferer-dans-un-autre-endroit-pour-cette-raison\/"},"modified":"2021-10-05T16:45:10","modified_gmt":"2021-10-05T20:45:10","slug":"zarzis-video-accord-de-fermeture-du-foyer-des-migrants-et-de-les-transferer-dans-un-autre-endroit-pour-cette-raison","status":"publish","type":"post","link":"https:\/\/linitiative.ca\/International\/zarzis-video-accord-de-fermeture-du-foyer-des-migrants-et-de-les-transferer-dans-un-autre-endroit-pour-cette-raison\/","title":{"rendered":"Zarzis [VIDEO] : Accord de fermeture du foyer des migrants et de les transf\u00e9rer dans un autre endroit pour cette raison"},"content":{"rendered":"<div>\n<p>A l\u2019issue d\u2019une r\u00e9union tenue \u00e0 l\u2019h\u00f4tel du gouvernorat de M\u00e9denine aujourd\u2019hui 05 octobre 2021, les repr\u00e9sentants d\u2019organisations internationales et nationales ont accept\u00e9 de fermer le foyer des immigr\u00e9s clandestins \u00e0 Zarzis au plus tard au mois d\u2019octobre et de les transf\u00e9rer vers un autre endroit en raison de leur harc\u00e8lement des habitants. Il convient [\u2026]<\/p>\n<p>L\u2019article <a href=\"https:\/\/www.tunisienumerique.com\/zarzis-video-accord-de-fermeture-du-foyer-des-migrants-et-de-les-transferer-dans-un-autre-endroit-pour-cette-raison\/\">Zarzis [VIDEO] : Accord de fermeture du foyer des migrants et de les transf\u00e9rer dans un autre endroit pour cette raison<\/a> est apparu en premier sur <a href=\"https:\/\/www.tunisienumerique.com\/\">Tunisie<\/a>.<\/p>\n<\/div>\n<p>Auteur: rania ben slimane<br \/>\n<a href=\"https:\/\/www.tunisienumerique.com\/zarzis-video-accord-de-fermeture-du-foyer-des-migrants-et-de-les-transferer-dans-un-autre-endroit-pour-cette-raison\/\">Cliquez ici pour lire l&rsquo;article depuis sa source.<\/a><\/p>\n","protected":false},"excerpt":{"rendered":"<p>A l\u2019issue d\u2019une r\u00e9union tenue \u00e0 l\u2019h\u00f4tel du gouvernorat de M\u00e9denine aujourd\u2019hui 05 octobre 2021, les repr\u00e9sentants d\u2019organisations internationales et nationales ont accept\u00e9 de fermer le foyer des immigr\u00e9s clandestins \u00e0 Zarzis au plus tard au mois d\u2019octobre et de les transf\u00e9rer vers un autre endroit en raison de leur harc\u00e8lement des habitants. Il convient [&hellip;]<\/p>\n","protected":false},"author":1789,"featured_media":0,"comment_status":"closed","ping_status":"closed","sticky":false,"template":"","format":"standard","meta":{"fifu_image_url":"","fifu_image_alt":"","footnotes":""},"categories":[73,55],"tags":[],"class_list":["post-129122","post","type-post","status-publish","format-standard","hentry","category-actualite","category-tunisie"],"_links":{"self":[{"href":"https:\/\/linitiative.ca\/International\/wp-json\/wp\/v2\/posts\/129122","targetHints":{"allow":["GET"]}}],"collection":[{"href":"https:\/\/linitiative.ca\/International\/wp-json\/wp\/v2\/posts"}],"about":[{"href":"https:\/\/linitiative.ca\/International\/wp-json\/wp\/v2\/types\/post"}],"author":[{"embeddable":true,"href":"https:\/\/linitiative.ca\/International\/wp-json\/wp\/v2\/users\/1789"}],"replies":[{"embeddable":true,"href":"https:\/\/linitiative.ca\/International\/wp-json\/wp\/v2\/comments?post=129122"}],"version-history":[{"count":0,"href":"https:\/\/linitiative.ca\/International\/wp-json\/wp\/v2\/posts\/129122\/revisions"}],"wp:attachment":[{"href":"https:\/\/linitiative.ca\/International\/wp-json\/wp\/v2\/media?parent=129122"}],"wp:term":[{"taxonomy":"category","embeddable":true,"href":"https:\/\/linitiative.ca\/International\/wp-json\/wp\/v2\/categories?post=129122"},{"taxonomy":"post_tag","embeddable":true,"href":"https:\/\/linitiative.ca\/International\/wp-json\/wp\/v2\/tags?post=129122"}],"curies":[{"name":"wp","href":"https:\/\/api.w.org\/{rel}","templated":true}]}}