{"id":129123,"date":"2021-10-05T16:55:27","date_gmt":"2021-10-05T20:55:27","guid":{"rendered":"https:\/\/linitiative.ca\/International\/tunisie-ou-la-consecration-de-letat-facebookien\/"},"modified":"2021-10-05T16:55:27","modified_gmt":"2021-10-05T20:55:27","slug":"tunisie-ou-la-consecration-de-letat-facebookien","status":"publish","type":"post","link":"https:\/\/linitiative.ca\/International\/tunisie-ou-la-consecration-de-letat-facebookien\/","title":{"rendered":"Tunisie \u2013 Ou la cons\u00e9cration de l\u2019Etat facebookien\u00a0!"},"content":{"rendered":"<div>\n<p>On a eu, hier, lundi, si besoin \u00e9tait, la confirmation que la Tunisie \u00e9tait devenue un Etat facebookien, par excellence. Un Etat o\u00f9 tout se publie sur facebook, tout se discute sur facebook, tout se d\u00e9ment sur facebook, tout se fait, et se d\u00e9fait, sur facebook. Et, hier, \u00e0 l\u2019occasion de la m\u00e9ga panne du [\u2026]<\/p>\n<p>L\u2019article <a href=\"https:\/\/www.tunisienumerique.com\/tunisie-ou-la-consecration-de-letat-facebookien\/\">Tunisie \u2013 Ou la cons\u00e9cration de l\u2019Etat facebookien\u00a0!<\/a> est apparu en premier sur <a href=\"https:\/\/www.tunisienumerique.com\/\">Tunisie<\/a>.<\/p>\n<\/div>\n<p>Auteur: Ramsis<br \/>\n<a href=\"https:\/\/www.tunisienumerique.com\/tunisie-ou-la-consecration-de-letat-facebookien\/\">Cliquez ici pour lire l&rsquo;article depuis sa source.<\/a><\/p>\n","protected":false},"excerpt":{"rendered":"<p>On a eu, hier, lundi, si besoin \u00e9tait, la confirmation que la Tunisie \u00e9tait devenue un Etat facebookien, par excellence. Un Etat o\u00f9 tout se publie sur facebook, tout se discute sur facebook, tout se d\u00e9ment sur facebook, tout se fait, et se d\u00e9fait, sur facebook. Et, hier, \u00e0 l\u2019occasion de la m\u00e9ga panne du [&hellip;]<\/p>\n","protected":false},"author":1789,"featured_media":0,"comment_status":"closed","ping_status":"closed","sticky":false,"template":"","format":"standard","meta":{"fifu_image_url":"","fifu_image_alt":"","footnotes":""},"categories":[73,55],"tags":[],"class_list":["post-129123","post","type-post","status-publish","format-standard","hentry","category-actualite","category-tunisie"],"_links":{"self":[{"href":"https:\/\/linitiative.ca\/International\/wp-json\/wp\/v2\/posts\/129123","targetHints":{"allow":["GET"]}}],"collection":[{"href":"https:\/\/linitiative.ca\/International\/wp-json\/wp\/v2\/posts"}],"about":[{"href":"https:\/\/linitiative.ca\/International\/wp-json\/wp\/v2\/types\/post"}],"author":[{"embeddable":true,"href":"https:\/\/linitiative.ca\/International\/wp-json\/wp\/v2\/users\/1789"}],"replies":[{"embeddable":true,"href":"https:\/\/linitiative.ca\/International\/wp-json\/wp\/v2\/comments?post=129123"}],"version-history":[{"count":0,"href":"https:\/\/linitiative.ca\/International\/wp-json\/wp\/v2\/posts\/129123\/revisions"}],"wp:attachment":[{"href":"https:\/\/linitiative.ca\/International\/wp-json\/wp\/v2\/media?parent=129123"}],"wp:term":[{"taxonomy":"category","embeddable":true,"href":"https:\/\/linitiative.ca\/International\/wp-json\/wp\/v2\/categories?post=129123"},{"taxonomy":"post_tag","embeddable":true,"href":"https:\/\/linitiative.ca\/International\/wp-json\/wp\/v2\/tags?post=129123"}],"curies":[{"name":"wp","href":"https:\/\/api.w.org\/{rel}","templated":true}]}}