{"id":129124,"date":"2021-10-05T17:03:36","date_gmt":"2021-10-05T21:03:36","guid":{"rendered":"https:\/\/linitiative.ca\/International\/tunisie-mise-en-liberte-du-depute-al-karama-abdellatif-aloui\/"},"modified":"2021-10-05T17:03:36","modified_gmt":"2021-10-05T21:03:36","slug":"tunisie-mise-en-liberte-du-depute-al-karama-abdellatif-aloui","status":"publish","type":"post","link":"https:\/\/linitiative.ca\/International\/tunisie-mise-en-liberte-du-depute-al-karama-abdellatif-aloui\/","title":{"rendered":"Tunisie : Mise en libert\u00e9 du d\u00e9put\u00e9 Al Karama Abdellatif Aloui"},"content":{"rendered":"<div>\n<p>L\u2019interrogatoire du d\u00e9put\u00e9 de la Coalition Al Karama gel\u00e9, Abdellatif Aloui, par le deuxi\u00e8me juge d\u2019instruction du Tribunal Militaire permanent, a \u00e9t\u00e9 report\u00e9 au 11 octobre. Le juge d\u2019instruction a \u00e9galement ordonn\u00e9 la mise en libert\u00e9 du d\u00e9put\u00e9 gel\u00e9. Il convient de noter que M. Aloui et l\u2019animateur\u00a0Amer Ayed ont \u00e9t\u00e9 arr\u00eat\u00e9s le samedi 3 [\u2026]<\/p>\n<p>L\u2019article <a href=\"https:\/\/www.tunisienumerique.com\/tunisie-mise-en-liberte-du-depute-al-karama-abdellatif-aloui\/\">Tunisie : Mise en libert\u00e9 du d\u00e9put\u00e9 Al Karama Abdellatif Aloui<\/a> est apparu en premier sur <a href=\"https:\/\/www.tunisienumerique.com\/\">Tunisie<\/a>.<\/p>\n<\/div>\n<p>Auteur: rania ben slimane<br \/>\n<a href=\"https:\/\/www.tunisienumerique.com\/tunisie-mise-en-liberte-du-depute-al-karama-abdellatif-aloui\/\">Cliquez ici pour lire l&rsquo;article depuis sa source.<\/a><\/p>\n","protected":false},"excerpt":{"rendered":"<p>L\u2019interrogatoire du d\u00e9put\u00e9 de la Coalition Al Karama gel\u00e9, Abdellatif Aloui, par le deuxi\u00e8me juge d\u2019instruction du Tribunal Militaire permanent, a \u00e9t\u00e9 report\u00e9 au 11 octobre. Le juge d\u2019instruction a \u00e9galement ordonn\u00e9 la mise en libert\u00e9 du d\u00e9put\u00e9 gel\u00e9. Il convient de noter que M. Aloui et l\u2019animateur\u00a0Amer Ayed ont \u00e9t\u00e9 arr\u00eat\u00e9s le samedi 3 [&hellip;]<\/p>\n","protected":false},"author":1789,"featured_media":0,"comment_status":"closed","ping_status":"closed","sticky":false,"template":"","format":"standard","meta":{"fifu_image_url":"","fifu_image_alt":"","footnotes":""},"categories":[73,55],"tags":[],"class_list":["post-129124","post","type-post","status-publish","format-standard","hentry","category-actualite","category-tunisie"],"_links":{"self":[{"href":"https:\/\/linitiative.ca\/International\/wp-json\/wp\/v2\/posts\/129124","targetHints":{"allow":["GET"]}}],"collection":[{"href":"https:\/\/linitiative.ca\/International\/wp-json\/wp\/v2\/posts"}],"about":[{"href":"https:\/\/linitiative.ca\/International\/wp-json\/wp\/v2\/types\/post"}],"author":[{"embeddable":true,"href":"https:\/\/linitiative.ca\/International\/wp-json\/wp\/v2\/users\/1789"}],"replies":[{"embeddable":true,"href":"https:\/\/linitiative.ca\/International\/wp-json\/wp\/v2\/comments?post=129124"}],"version-history":[{"count":0,"href":"https:\/\/linitiative.ca\/International\/wp-json\/wp\/v2\/posts\/129124\/revisions"}],"wp:attachment":[{"href":"https:\/\/linitiative.ca\/International\/wp-json\/wp\/v2\/media?parent=129124"}],"wp:term":[{"taxonomy":"category","embeddable":true,"href":"https:\/\/linitiative.ca\/International\/wp-json\/wp\/v2\/categories?post=129124"},{"taxonomy":"post_tag","embeddable":true,"href":"https:\/\/linitiative.ca\/International\/wp-json\/wp\/v2\/tags?post=129124"}],"curies":[{"name":"wp","href":"https:\/\/api.w.org\/{rel}","templated":true}]}}