{"id":129125,"date":"2021-10-05T17:10:06","date_gmt":"2021-10-05T21:10:06","guid":{"rendered":"https:\/\/linitiative.ca\/International\/formation-du-gouvernement-saied-rencontre-a-nouveau-bouden\/"},"modified":"2021-10-05T17:10:06","modified_gmt":"2021-10-05T21:10:06","slug":"formation-du-gouvernement-saied-rencontre-a-nouveau-bouden","status":"publish","type":"post","link":"https:\/\/linitiative.ca\/International\/formation-du-gouvernement-saied-rencontre-a-nouveau-bouden\/","title":{"rendered":"Formation du gouvernement : Saied rencontre \u00e0 nouveau Bouden"},"content":{"rendered":"<div>\n<p>Le pr\u00e9sident de la R\u00e9publique, Kais Saied, a re\u00e7u ce soir mardi 5 octobre 2021, au palais de Carthage, Mme. Najla Bouden Ramadhan, charg\u00e9e de former le gouvernement. Lors de cette rencontre, le Chef de l\u2019Etat a \u00e9t\u00e9 inform\u00e9 des progr\u00e8s r\u00e9alis\u00e9s au niveau de la formation du nouveau gouvernement, et a r\u00e9it\u00e9r\u00e9, dans ce [\u2026]<\/p>\n<p>L\u2019article <a href=\"https:\/\/www.tunisienumerique.com\/formation-du-gouvernement-saied-rencontre-a-nouveau-bouden\/\">Formation du gouvernement : Saied rencontre \u00e0 nouveau Bouden<\/a> est apparu en premier sur <a href=\"https:\/\/www.tunisienumerique.com\/\">Tunisie<\/a>.<\/p>\n<\/div>\n<p>Auteur: rania ben slimane<br \/>\n<a href=\"https:\/\/www.tunisienumerique.com\/formation-du-gouvernement-saied-rencontre-a-nouveau-bouden\/\">Cliquez ici pour lire l&rsquo;article depuis sa source.<\/a><\/p>\n","protected":false},"excerpt":{"rendered":"<p>Le pr\u00e9sident de la R\u00e9publique, Kais Saied, a re\u00e7u ce soir mardi 5 octobre 2021, au palais de Carthage, Mme. Najla Bouden Ramadhan, charg\u00e9e de former le gouvernement. Lors de cette rencontre, le Chef de l\u2019Etat a \u00e9t\u00e9 inform\u00e9 des progr\u00e8s r\u00e9alis\u00e9s au niveau de la formation du nouveau gouvernement, et a r\u00e9it\u00e9r\u00e9, dans ce [&hellip;]<\/p>\n","protected":false},"author":1789,"featured_media":0,"comment_status":"closed","ping_status":"closed","sticky":false,"template":"","format":"standard","meta":{"fifu_image_url":"","fifu_image_alt":"","footnotes":""},"categories":[73,55],"tags":[],"class_list":["post-129125","post","type-post","status-publish","format-standard","hentry","category-actualite","category-tunisie"],"_links":{"self":[{"href":"https:\/\/linitiative.ca\/International\/wp-json\/wp\/v2\/posts\/129125","targetHints":{"allow":["GET"]}}],"collection":[{"href":"https:\/\/linitiative.ca\/International\/wp-json\/wp\/v2\/posts"}],"about":[{"href":"https:\/\/linitiative.ca\/International\/wp-json\/wp\/v2\/types\/post"}],"author":[{"embeddable":true,"href":"https:\/\/linitiative.ca\/International\/wp-json\/wp\/v2\/users\/1789"}],"replies":[{"embeddable":true,"href":"https:\/\/linitiative.ca\/International\/wp-json\/wp\/v2\/comments?post=129125"}],"version-history":[{"count":0,"href":"https:\/\/linitiative.ca\/International\/wp-json\/wp\/v2\/posts\/129125\/revisions"}],"wp:attachment":[{"href":"https:\/\/linitiative.ca\/International\/wp-json\/wp\/v2\/media?parent=129125"}],"wp:term":[{"taxonomy":"category","embeddable":true,"href":"https:\/\/linitiative.ca\/International\/wp-json\/wp\/v2\/categories?post=129125"},{"taxonomy":"post_tag","embeddable":true,"href":"https:\/\/linitiative.ca\/International\/wp-json\/wp\/v2\/tags?post=129125"}],"curies":[{"name":"wp","href":"https:\/\/api.w.org\/{rel}","templated":true}]}}