{"id":129126,"date":"2021-10-05T16:02:17","date_gmt":"2021-10-05T20:02:17","guid":{"rendered":"https:\/\/linitiative.ca\/International\/visite-du-patron-de-barkhane-aux-autorites-maliennes-sur-fond-de-recrutement-de-mercenaires-russes\/"},"modified":"2021-10-05T16:02:17","modified_gmt":"2021-10-05T20:02:17","slug":"visite-du-patron-de-barkhane-aux-autorites-maliennes-sur-fond-de-recrutement-de-mercenaires-russes","status":"publish","type":"post","link":"https:\/\/linitiative.ca\/International\/visite-du-patron-de-barkhane-aux-autorites-maliennes-sur-fond-de-recrutement-de-mercenaires-russes\/","title":{"rendered":"VISITE DU PATRON DE BARKHANE AUX AUTORITES MALIENNES SUR FOND DE RECRUTEMENT DE MERCENAIRES RUSSES  \u00a0"},"content":{"rendered":"<div>\n<p><img decoding=\"async\" width=\"2000\" height=\"1333\" src=\"https:\/\/linitiative.ca\/International\/wp-content\/uploads\/sites\/23\/2021\/10\/BARKHANE-2.jpg\" class=\"attachment- size- wp-post-image\" alt=\"\" loading=\"lazy\" style=\"float:left; margin:0 15px 15px 0;\" srcset=\"https:\/\/linitiative.ca\/International\/wp-content\/uploads\/sites\/23\/2021\/10\/BARKHANE-2.jpg 2000w, https:\/\/lepays.bf\/wp-content\/uploads\/2021\/10\/BARKHANE-2-300x200.jpg 300w, https:\/\/lepays.bf\/wp-content\/uploads\/2021\/10\/BARKHANE-2-1024x682.jpg 1024w, https:\/\/lepays.bf\/wp-content\/uploads\/2021\/10\/BARKHANE-2-768x512.jpg 768w, https:\/\/lepays.bf\/wp-content\/uploads\/2021\/10\/BARKHANE-2-1536x1024.jpg 1536w\" sizes=\"auto, (max-width: 2000px) 100vw, 2000px\">Le patron de la force fran\u00e7aise au Mali, le g\u00e9n\u00e9ral Laurent Michon a rendu une visite hier, 5 octobre 2021, aux autorit\u00e9s de la transition malienne. Re\u00e7u par le ministre malien de la D\u00e9fense, le colonel Sadio Camara, les deux hommes ont surtout parl\u00e9 de la r\u00e9organisation de la force fran\u00e7aise au Mali. A ce \u2026<\/p>\n<p>L\u2019article <a rel=\"nofollow\" href=\"https:\/\/lepays.bf\/visite-du-patron-de-barkhane-aux-autorites-maliennes-sur-fond-de-recrutement-de-mercenaires-russes\/\">VISITE DU PATRON DE BARKHANE AUX AUTORITES MALIENNES SUR FOND DE RECRUTEMENT DE MERCENAIRES RUSSES  \u00a0<\/a> est apparu en premier sur <a rel=\"nofollow\" href=\"https:\/\/lepays.bf\/\">Editions Le Pays<\/a>.<\/p>\n<\/div>\n<p>Auteur: Editions LEPAYS<br \/>\n<a href=\"https:\/\/lepays.bf\/visite-du-patron-de-barkhane-aux-autorites-maliennes-sur-fond-de-recrutement-de-mercenaires-russes\/\">Cliquez ici pour lire l&rsquo;article depuis sa source.<\/a><\/p>\n","protected":false},"excerpt":{"rendered":"<p>Le patron de la force fran\u00e7aise au Mali, le g\u00e9n\u00e9ral Laurent Michon a rendu une visite hier, 5 octobre 2021, aux autorit\u00e9s de la transition malienne. Re\u00e7u par le ministre malien de la D\u00e9fense, le colonel Sadio Camara, les deux hommes ont surtout parl\u00e9 de la r\u00e9organisation de la force fran\u00e7aise au Mali. A ce [&hellip;]<\/p>\n","protected":false},"author":1813,"featured_media":0,"comment_status":"closed","ping_status":"closed","sticky":false,"template":"","format":"standard","meta":{"fifu_image_url":"https:\/\/lepays.bf\/wp-content\/uploads\/2021\/10\/BARKHANE-2.jpg","fifu_image_alt":"VISITE DU PATRON DE BARKHANE AUX AUTORITES MALIENNES SUR FOND DE RECRUTEMENT DE MERCENAIRES RUSSES  \u00a0","footnotes":""},"categories":[73,81],"tags":[],"class_list":["post-129126","post","type-post","status-publish","format-standard","hentry","category-actualite","category-burkina-faso"],"_links":{"self":[{"href":"https:\/\/linitiative.ca\/International\/wp-json\/wp\/v2\/posts\/129126","targetHints":{"allow":["GET"]}}],"collection":[{"href":"https:\/\/linitiative.ca\/International\/wp-json\/wp\/v2\/posts"}],"about":[{"href":"https:\/\/linitiative.ca\/International\/wp-json\/wp\/v2\/types\/post"}],"author":[{"embeddable":true,"href":"https:\/\/linitiative.ca\/International\/wp-json\/wp\/v2\/users\/1813"}],"replies":[{"embeddable":true,"href":"https:\/\/linitiative.ca\/International\/wp-json\/wp\/v2\/comments?post=129126"}],"version-history":[{"count":0,"href":"https:\/\/linitiative.ca\/International\/wp-json\/wp\/v2\/posts\/129126\/revisions"}],"wp:attachment":[{"href":"https:\/\/linitiative.ca\/International\/wp-json\/wp\/v2\/media?parent=129126"}],"wp:term":[{"taxonomy":"category","embeddable":true,"href":"https:\/\/linitiative.ca\/International\/wp-json\/wp\/v2\/categories?post=129126"},{"taxonomy":"post_tag","embeddable":true,"href":"https:\/\/linitiative.ca\/International\/wp-json\/wp\/v2\/tags?post=129126"}],"curies":[{"name":"wp","href":"https:\/\/api.w.org\/{rel}","templated":true}]}}