{"id":129129,"date":"2021-10-05T17:12:08","date_gmt":"2021-10-05T21:12:08","guid":{"rendered":"https:\/\/linitiative.ca\/International\/cinema-senegalais-les-acteurs-face-au-defi-de-lindustrialisation\/"},"modified":"2021-10-05T17:12:08","modified_gmt":"2021-10-05T21:12:08","slug":"cinema-senegalais-les-acteurs-face-au-defi-de-lindustrialisation","status":"publish","type":"post","link":"https:\/\/linitiative.ca\/International\/cinema-senegalais-les-acteurs-face-au-defi-de-lindustrialisation\/","title":{"rendered":"Cin\u00e9ma s\u00e9n\u00e9galais : Les acteurs face au d\u00e9fi de l\u2019industrialisation"},"content":{"rendered":"<div>\n<p><strong>Le S\u00e9n\u00e9gal conna\u00eet un boom de la production cin\u00e9matographique. Malgr\u00e9 cela, l\u2019industrie cin\u00e9matographique peine \u00e0 atteindre sa vitesse de croisi\u00e8re. Les acteurs sont donc dans une dynamique d\u2019acc\u00e9l\u00e9ration du processus d\u2019industrialisation du secteur.<\/strong><\/p>\n<p>Oumar Sall est producteur et Directeur g\u00e9n\u00e9ral (DG) de CINEKAP, une soci\u00e9t\u00e9 de production audio-visuelle et cin\u00e9mato-graphique au S\u00e9n\u00e9gal. Il a produit les deux films (Tey et F\u00e9licit\u00e9) d\u2019Alain Gomis qui ont remport\u00e9 l\u2019Etalon de Yennega respectivement en 2013 et 2017. Au-del\u00e0 de ces deux r\u00e9compenses, d\u2019autres films, fruits de CINEKAP, ont \u00e9t\u00e9 prim\u00e9s dans plusieurs festivals dans le monde. Oumar Sall reconna\u00eet que le S\u00e9n\u00e9gal a une forte r\u00e9f\u00e9rence cin\u00e9matographique.<\/p>\n<p>\u00ab Cependant, \u00e0 l\u2019image de tous les pays d\u2019Afrique, il y a un retard d\u2019industrialisation en ce qui concerne le cin\u00e9ma. On n\u2019arrive pas \u00e0 avoir jusqu\u2019\u00e0 maintenant l\u2019ensemble des pans d\u2019une industrie. Mais notre g\u00e9n\u00e9ration de producteurs, travaille \u00e0 ce que la production devienne une culture aupr\u00e8s des auteurs-cr\u00e9ateurs. Dans une cin\u00e9matographie qui se respecte, les soci\u00e9t\u00e9s de production repr\u00e9sentent un maillon \u00e0 part enti\u00e8re de son industrialisation \u00bb, lance-t-il.<\/p>\n<p>De son avis, jusqu\u2019\u00e0 pr\u00e9sent, le FESPACO n\u2019arrive pas \u00e0 mettre en valeur l\u2019ensemble de la cha\u00eene d\u2019un film. Seuls les r\u00e9alisateurs sont mis avant et cette erreur doit \u00eatre corrig\u00e9e. Il faut aussi travailler, a-t-il poursuivi, \u00e0 ce qu\u2019il y ait moins de d\u00e9perdition des valeurs ajout\u00e9es du cin\u00e9ma africain.<\/p>\n<h3>\u00ab Une gigantesque cin\u00e9math\u00e8que \u00e9parpill\u00e9e \u00bb<\/h3>\n<figure id=\"attachment_40390\" aria-describedby=\"caption-attachment-40390\" style=\"width: 300px\" class=\"wp-caption alignleft\"><img decoding=\"async\" loading=\"lazy\" class=\"size-medium wp-image-40390\" src=\"https:\/\/linitiative.ca\/International\/wp-content\/uploads\/sites\/23\/2021\/10\/cinemase-300x186-1.gif\" alt=\"\" width=\"300\" height=\"186\" srcset=\"https:\/\/linitiative.ca\/International\/wp-content\/uploads\/sites\/23\/2021\/10\/cinemase-300x186-1.gif 300w, https:\/\/www.sidwaya.info\/wp-content\/uploads\/2021\/10\/cinemase-768x477.gif 768w, https:\/\/www.sidwaya.info\/wp-content\/uploads\/2021\/10\/cinemase-150x93.gif 150w, https:\/\/www.sidwaya.info\/wp-content\/uploads\/2021\/10\/cinemase-696x432.gif 696w, https:\/\/www.sidwaya.info\/wp-content\/uploads\/2021\/10\/cinemase-676x420.gif 676w, https:\/\/www.sidwaya.info\/wp-content\/uploads\/2021\/10\/cinemase-356x220.gif 356w\" sizes=\"auto, (max-width: 300px) 100vw, 300px\"><figcaption id=\"caption-attachment-40390\" class=\"wp-caption-text\">De nombreux films, produits par CINEKAP, ont \u00e9t\u00e9 prim\u00e9s dans plusieurs festivals dont le FESPACO avec deux Etalons Yennenga.<\/figcaption><\/figure>\n<p>Cela s\u2019explique par le fait que, pr\u00e9cise le DG de CINEKAP, beaucoup de films africains sont produits par des Europ\u00e9ens. \u00ab Les r\u00e9alisateurs sont bien pay\u00e9s mais les droits des films leur \u00e9chappent. Ce qui fait que l\u2019exploitation du film n\u2019est jamais en Afrique mais se trouve dans le Nord, le patrimoine \u00e9galement. L\u2019Afrique devient comme une gigantesque cin\u00e9ma-th\u00e8que \u00e9parpill\u00e9e dans les quatre coins du monde et nos Etats devraient aussi mettre les moyens pour le d\u00e9veloppement de la production \u00bb, interpelle-t-il. Selon Mada Ndiaye, productrice et r\u00e9alisatrice, le secteur de la production au pays de la Teranga est en pleine \u00e9bullition notamment dans le domaine des s\u00e9ries.<\/p>\n<p>Cependant, rel\u00e8ve-t-elle, le manque de moyens fait que le secteur d\u00e9colle difficilement. \u00ab Nous avons quelques structures compl\u00e8tes qui poss\u00e8dent des instruments n\u00e9cessaires pour de bonnes productions et il faut travailler \u00e0 en d\u00e9velopper plus dans notre pays \u00bb, sugg\u00e8re Mada Ndiaye. Bien qu\u2019elle reconnaisse l\u2019effort de l\u2019Etat s\u00e9n\u00e9galais pour booster le secteur, la productrice estime que des efforts doivent \u00eatre faits davantage dans le financement. Acteur de cin\u00e9ma depuis 1993, Ibrahim Mbaye Ch\u00e9 pense qu\u2019apr\u00e8s 50 ans, l\u2019Afrique est en train de professionnaliser son cin\u00e9ma.<\/p>\n<p>Pour ce qui est du m\u00e9tier d\u2019acteur, en particulier, M. Mbaye pense que ceux qui s\u2019y donnent avec ardeur et amour, sont valoris\u00e9s. Si l\u2019un ou l\u2019autre des acteurs (r\u00e9alisateur, producteur, com\u00e9dien, \u2026), se rabaisse, cela va se refl\u00e9ter sur le produit. \u00ab Puisque nous avons r\u00e9ussi \u00e0 avoir un festival unique qui r\u00e9unit tous les acteurs du cin\u00e9ma africain, j\u2019en appelle au FESPACO pour que nous r\u00e9ussissions \u00e0 avoir une certaine ma\u00eetrise des diff\u00e9rents m\u00e9tiers du cin\u00e9ma. Aujourd\u2019hui, nous devons nous structurer \u00bb, fait remarquer Ibrahim Mbaye Ch\u00e9. Il d\u00e9plore ce qu\u2019il appelle le ph\u00e9nom\u00e8ne inverse d\u00e9velopp\u00e9 par certains com\u00e9diens africains qui supplient des r\u00e9alisateurs pour des jeux d\u2019acteurs m\u00eame sans cachet.<\/p>\n<h3>De la n\u00e9cessit\u00e9 des coop\u00e9rations<\/h3>\n<p>En tout \u00e9tat de cause, il invite les acteurs de la cin\u00e9matographie du continent \u00e0 d\u00e9velopper<\/p>\n<figure id=\"attachment_40391\" aria-describedby=\"caption-attachment-40391\" style=\"width: 300px\" class=\"wp-caption alignright\"><img decoding=\"async\" loading=\"lazy\" class=\"size-medium wp-image-40391\" src=\"https:\/\/linitiative.ca\/International\/wp-content\/uploads\/sites\/23\/2021\/10\/cinemasenegalais-300x200-1.gif\" alt=\"\" width=\"300\" height=\"200\" srcset=\"https:\/\/linitiative.ca\/International\/wp-content\/uploads\/sites\/23\/2021\/10\/cinemasenegalais-300x200-1.gif 300w, https:\/\/www.sidwaya.info\/wp-content\/uploads\/2021\/10\/cinemasenegalais-768x512.gif 768w, https:\/\/www.sidwaya.info\/wp-content\/uploads\/2021\/10\/cinemasenegalais-150x100.gif 150w, https:\/\/www.sidwaya.info\/wp-content\/uploads\/2021\/10\/cinemasenegalais-696x464.gif 696w, https:\/\/www.sidwaya.info\/wp-content\/uploads\/2021\/10\/cinemasenegalais-630x420.gif 630w\" sizes=\"auto, (max-width: 300px) 100vw, 300px\"><figcaption id=\"caption-attachment-40391\" class=\"wp-caption-text\">Selon la productrice et r\u00e9alisatrice, Mada Ndiaye, le manque de moyens fait que le secteur de la production d\u00e9colle difficilement.<\/figcaption><\/figure>\n<p>des coop\u00e9rations et collaborations afin de produire des films africains qui seront \u00e0 la hauteur. Dans la m\u00eame lanc\u00e9e, Oumar Sall rench\u00e9rit en relevant que le cin\u00e9ma est une industrie et doit \u00eatre cons\u00e9quemment financ\u00e9e. Mais, il doit avoir \u00e9galement des m\u00e9canismes de coop\u00e9ration dans la production, souligne-t-il. \u00ab Beaucoup de pays n\u2019ont pas encore de coop\u00e9ration dans ce sens.<\/p>\n<p>Mais au S\u00e9n\u00e9gal, je pense que nous sommes en avance avec la signature de plusieurs accords de coop\u00e9ration dans le domaine cin\u00e9mato-graphique notamment avec le Burkina Faso et la C\u00f4te d\u2019Ivoire \u00bb, confie-t-il. Aussi, le DG de CINEKAP propose que l\u2019Afrique parle d\u2019une m\u00eame voix face aux g\u00e9ants du num\u00e9rique pour qu\u2019ils puissent financer le 7e art africain.<\/p>\n<p>Pour lui, le secteur de la distribution et de la diffusion n\u2019existe pratiquement pas, alors que les salles de cin\u00e9ma constituent un maillon important dans la cha\u00eene. \u00ab Les festivals \u00e9galement sont importants parce qu\u2019ils permettent de mettre en lumi\u00e8re ce qu\u2019un pays fait et constituent des cadres d\u2019\u00e9changes et de r\u00e9flexions sur une destin\u00e9e commune du cin\u00e9ma africain \u00bb, mentionne M. Sall. Sans oublier la formation qui permettra d\u2019avoir un capital humain \u00e0 la hauteur des ambitions, ajoute-t-il.<\/p>\n<p>C\u2019est pourquoi, il estime que le FESPACO devrait s\u2019atteler \u00e0 organiser des rencontres avec les acteurs et les dirigeants des organisations sous r\u00e9gionales et africaines, comme l\u2019UEMOA, la CEDEAO, l\u2019UA, afin qu\u2019ils comprennent la n\u00e9cessit\u00e9 d\u2019allouer des ressources financi\u00e8res au cin\u00e9ma. Car, pour lui, \u00ab financer sa culture est une question de souverainet\u00e9 nationale \u00bb.<\/p>\n<p style=\"text-align: right\"><strong>Joseph HARO <\/strong><\/p>\n<p style=\"text-align: right\">josephharo4@gmail.com<\/p>\n<p style=\"text-align: right\"><strong>Mahamadi SEBOGO <\/strong><\/p>\n<p style=\"text-align: right\">Windmad76@gmail.com<\/p>\n<p style=\"text-align: right\">Envoy\u00e9s sp\u00e9ciaux \u00e0 Dakar (S\u00e9n\u00e9gal)<\/p>\n<p>L\u2019article <a rel=\"nofollow\" href=\"https:\/\/www.sidwaya.info\/blog\/2021\/10\/05\/cinema-senegalais-les-acteurs-face-au-defi-de-lindustrialisation\/\">Cin\u00e9ma s\u00e9n\u00e9galais : Les acteurs face au d\u00e9fi de l\u2019industrialisation<\/a> est apparu en premier sur <a rel=\"nofollow\" href=\"https:\/\/www.sidwaya.info\/\">Quotidien Sidwaya<\/a>.<\/p>\n<\/div>\n<p>Auteur: JK. Sidwaya<br \/>\n<a href=\"https:\/\/www.sidwaya.info\/blog\/2021\/10\/05\/cinema-senegalais-les-acteurs-face-au-defi-de-lindustrialisation\/\">Cliquez ici pour lire l&rsquo;article depuis sa source.<\/a><\/p>\n","protected":false},"excerpt":{"rendered":"<p>Le S\u00e9n\u00e9gal conna\u00eet un boom de la production cin\u00e9matographique. Malgr\u00e9 cela, l\u2019industrie cin\u00e9matographique peine \u00e0 atteindre sa vitesse de croisi\u00e8re. Les acteurs sont donc dans une dynamique d\u2019acc\u00e9l\u00e9ration du processus d\u2019industrialisation du secteur. Oumar Sall est producteur et Directeur g\u00e9n\u00e9ral (DG) de CINEKAP, une soci\u00e9t\u00e9 de production audio-visuelle et cin\u00e9mato-graphique au S\u00e9n\u00e9gal. Il a produit [&hellip;]<\/p>\n","protected":false},"author":1816,"featured_media":0,"comment_status":"closed","ping_status":"closed","sticky":false,"template":"","format":"standard","meta":{"fifu_image_url":"https:\/\/www.sidwaya.info\/wp-content\/uploads\/2021\/10\/cinemase-300x186.gif","fifu_image_alt":"Cin\u00e9ma s\u00e9n\u00e9galais : Les acteurs face au d\u00e9fi de l\u2019industrialisation","footnotes":""},"categories":[73,81],"tags":[],"class_list":["post-129129","post","type-post","status-publish","format-standard","hentry","category-actualite","category-burkina-faso"],"_links":{"self":[{"href":"https:\/\/linitiative.ca\/International\/wp-json\/wp\/v2\/posts\/129129","targetHints":{"allow":["GET"]}}],"collection":[{"href":"https:\/\/linitiative.ca\/International\/wp-json\/wp\/v2\/posts"}],"about":[{"href":"https:\/\/linitiative.ca\/International\/wp-json\/wp\/v2\/types\/post"}],"author":[{"embeddable":true,"href":"https:\/\/linitiative.ca\/International\/wp-json\/wp\/v2\/users\/1816"}],"replies":[{"embeddable":true,"href":"https:\/\/linitiative.ca\/International\/wp-json\/wp\/v2\/comments?post=129129"}],"version-history":[{"count":0,"href":"https:\/\/linitiative.ca\/International\/wp-json\/wp\/v2\/posts\/129129\/revisions"}],"wp:attachment":[{"href":"https:\/\/linitiative.ca\/International\/wp-json\/wp\/v2\/media?parent=129129"}],"wp:term":[{"taxonomy":"category","embeddable":true,"href":"https:\/\/linitiative.ca\/International\/wp-json\/wp\/v2\/categories?post=129129"},{"taxonomy":"post_tag","embeddable":true,"href":"https:\/\/linitiative.ca\/International\/wp-json\/wp\/v2\/tags?post=129129"}],"curies":[{"name":"wp","href":"https:\/\/api.w.org\/{rel}","templated":true}]}}