{"id":129132,"date":"2021-10-05T17:22:42","date_gmt":"2021-10-05T21:22:42","guid":{"rendered":"https:\/\/linitiative.ca\/International\/fespaco-2021-une-caravane-de-cineastes-senegalais-en-route\/"},"modified":"2021-10-05T17:22:42","modified_gmt":"2021-10-05T21:22:42","slug":"fespaco-2021-une-caravane-de-cineastes-senegalais-en-route","status":"publish","type":"post","link":"https:\/\/linitiative.ca\/International\/fespaco-2021-une-caravane-de-cineastes-senegalais-en-route\/","title":{"rendered":"FESPACO 2021: Une caravane de cin\u00e9astes s\u00e9n\u00e9galais  en route"},"content":{"rendered":"<div>\n<p><strong>Des cin\u00e9astes (acteurs, producteurs, r\u00e9alisateurs, techniciens, etc.) du pays invit\u00e9 d\u2019honneur au 27e FESPACO, le S\u00e9n\u00e9gal, vont rallier la capitale burkinab\u00e8 par la route, du 11 au 15 octobre, \u00e0 travers une caravane. Il s\u2019agit pour ces professionnels du cin\u00e9ma s\u00e9n\u00e9galais, de marquer singuli\u00e8rement leur pr\u00e9sence \u00e0 l\u2019\u00e9dition 2021 de la biennale du 7e art africain.<\/strong><\/p>\n<p>Le S\u00e9n\u00e9gal, pays invit\u00e9 d\u2019honneur du 27e Festival panafricain du cin\u00e9ma et de la t\u00e9l\u00e9vision de Ouagadougou (FESPACO), veut marquer d\u2019une pierre blanche sa pr\u00e9sence \u00e0 l\u2019\u00e9dition 2021 de la biennale du 7e art africain. Les cin\u00e9astes (acteurs, producteurs, r\u00e9alisateurs, techniciens, etc.) du pays de la Teranga n\u2019entendent pas se mettre en marge de cet honneur fait \u00e0 leur patrie. Ils annoncent leur arriv\u00e9e dans la capitale du cin\u00e9ma africain par la route, \u00e0 travers une caravane, du 11 au 15 octobre 2021.<\/p>\n<p>45 caravaniers, compos\u00e9s majoritairement d\u2019acteurs, prendront part \u00e0 cette activit\u00e9. Parmi eux, on peut citer des c\u00e9l\u00e9brit\u00e9s s\u00e9n\u00e9galaises voire africaines comme \u00c9milie Mbaye, Babacar Oualy, Assane Thiam, Ndiaye Cire Ba, Awa Djiga Kane Korsa, Aminata Yacine San\u00e9, Christiane Dumond. L\u2019initiative est port\u00e9e par l\u2019association Passerelle des arts. Le programme de cette caravane \u00ab in\u00e9dite \u00bb a \u00e9t\u00e9 d\u00e9voil\u00e9 aux envoy\u00e9s sp\u00e9ciaux de Sidwaya par la pr\u00e9sidente du comit\u00e9 d\u2019organisation, la cin\u00e9aste et entrepreneure culturelle, Aminata Yacine San\u00e9, le jeudi 30 septembre 2021, \u00e0 Dakar.<\/p>\n<h3>Communier avec les populations par la route<\/h3>\n<p>Avaler les 2 160 km qui s\u00e9parent Dakar de Ouagadougou par la route en passant par Bamako est une mani\u00e8re de vivre les r\u00e9alit\u00e9s africaines, de communier avec les populations tout au long du trajet, explique-t-elle.<span style=\"font-family: Verdana, BlinkMacSystemFont, -apple-system, 'Segoe UI', Roboto, Oxygen, Ubuntu, Cantarell, 'Open Sans', 'Helvetica Neue', sans-serif\">\u00ab Nous avons organis\u00e9 la 1\u00e8re \u00e9dition de cette caravane \u00e0 l\u2019occasion du cinquantenaire du FESPACO en 2019. Mais cette ann\u00e9e, notre pays \u00e9tant invit\u00e9 d\u2019honneur, il y a une motivation suppl\u00e9mentaire dans l\u2019organisation de cette 2e \u00e9dition \u00bb, souligne-t-elle. <\/span><\/p>\n<p><span style=\"font-family: Verdana, BlinkMacSystemFont, -apple-system, 'Segoe UI', Roboto, Oxygen, Ubuntu, Cantarell, 'Open Sans', 'Helvetica Neue', sans-serif\">Avant le d\u00e9part de Dakar, pr\u00e9vu le 11 octobre 2021 \u00e0 minuit, tout commence le 8 octobre avec une activit\u00e9 d\u00e9nomm\u00e9e \u201cC\u0153ur d\u2019artistes\u201d. Au cours de cette c\u00e9r\u00e9monie, les organisateurs vont collecter des dons de diverses natures (v\u00eatements, vivres, etc.) aupr\u00e8s des cin\u00e9astes. Ces biens collect\u00e9s seront remis le 12 octobre \u00e0 un centre de jeunes filles d\u00e9favoris\u00e9es Kinkeliba de Tambacounda, \u00e0 500 km de Dakar, \u00e0 la fronti\u00e8re avec le Mali, fait savoir Aminata Yacine San\u00e9.<\/span><\/p>\n<p>Apr\u00e8s cette \u0153uvre sociale, les caravaniers reprendront la route, pour Bamako le 13<\/p>\n<figure id=\"attachment_40395\" aria-describedby=\"caption-attachment-40395\" style=\"width: 300px\" class=\"wp-caption alignright\"><img decoding=\"async\" loading=\"lazy\" class=\"size-medium wp-image-40395\" src=\"https:\/\/linitiative.ca\/International\/wp-content\/uploads\/sites\/23\/2021\/10\/senalaise-300x220-1.gif\" alt=\"\" width=\"300\" height=\"220\" srcset=\"https:\/\/linitiative.ca\/International\/wp-content\/uploads\/sites\/23\/2021\/10\/senalaise-300x220-1.gif 300w, https:\/\/www.sidwaya.info\/wp-content\/uploads\/2021\/10\/senalaise-768x562.gif 768w, https:\/\/www.sidwaya.info\/wp-content\/uploads\/2021\/10\/senalaise-150x110.gif 150w, https:\/\/www.sidwaya.info\/wp-content\/uploads\/2021\/10\/senalaise-696x509.gif 696w, https:\/\/www.sidwaya.info\/wp-content\/uploads\/2021\/10\/senalaise-574x420.gif 574w, https:\/\/www.sidwaya.info\/wp-content\/uploads\/2021\/10\/senalaise-80x60.gif 80w\" sizes=\"auto, (max-width: 300px) 100vw, 300px\"><figcaption id=\"caption-attachment-40395\" class=\"wp-caption-text\">L\u2019actrice et pr\u00e9sidente du comit\u00e9 d\u2019organisation de la caravane, Aminata Yacine San\u00e9 : \u00ab Nous voulons aussi \u00eatre \u00e0 la hauteur et faire mieux que les autres \u00bb.<\/figcaption><\/figure>\n<p>octobre. Repos, cuisine de mets s\u00e9n\u00e9galais, projection de films constitueront le menu de cette escale dans la capitale malienne. \u00ab Nous allons commencer la f\u00eate entre les populations et des artistes connus. Car l\u2019objectif est de permettre aux fans de communier avec leurs acteurs pr\u00e9f\u00e9r\u00e9s \u00bb, confie Mme San\u00e9.<\/p>\n<h3>\u00ab Attendez-nous d\u00e8h ! \u00bb<\/h3>\n<p>Apr\u00e8s une escale-repos \u00e0 Bobo-Dioulasso, la caravane fera son entr\u00e9e \u00ab triomphale \u00bb dans la capitale du cin\u00e9ma africain le 15 octobre 2021 aux environs de 16 heures. \u00ab Une fois \u00e0 Ouagadougou, nous partons directement au village du FESPACO. Nous allons prendre nos sifflets, nos trompettes pour signaler que la caravane est arriv\u00e9e, pour dire que le S\u00e9n\u00e9gal est l\u00e0 \u00bb, s\u2019enthousiasme Aminata Yacine San\u00e9.<\/p>\n<p>Le mardi 19 octobre 2021, \u00e0 \u00ab Cocody Plus \u00bb, au cours d\u2019une soir\u00e9e culturelle d\u00e9di\u00e9e au pays invit\u00e9 d\u2019honneur du 27e FESPACO, d\u00e9nomm\u00e9e \u201cQuand le S\u00e9n\u00e9gal re\u00e7oit\u201d, les cin\u00e9astes s\u00e9n\u00e9galais vont faire d\u00e9couvrir plusieurs pans de leur culture. \u00ab Nous allons faire les choses en grand ! Il y aura une d\u00e9gustation de mets s\u00e9n\u00e9galais, un d\u00e9fil\u00e9 de mode, une exposition de tenues s\u00e9n\u00e9galaises, des prestations d\u2019artistes \u00bb, d\u00e9taille Yacine San\u00e9. Avec des lions acteurs de la Teranga arborant des tenues traditionnelles et par\u00e9s aux coiffures traditionnelles s\u00e9n\u00e9galaises au cours de cette nuit culturelle, ajoute-t-elle.<\/p>\n<p>\u00ab Nous ferons aussi une projection d\u2019un film de 26 minutes du r\u00e9alisateur Mada Ndiaye qui retrace l\u2019histoire de Lat Dior, le h\u00e9ros national du S\u00e9n\u00e9gal. C\u2019est la toute premi\u00e8re projection de ce film et c\u2019est Ouagadougou qui est \u00e0 l\u2019honneur \u00bb, se r\u00e9joui-t-elle. Outre cette soir\u00e9e, le S\u00e9n\u00e9gal compte prendre une part active \u00e0 toutes les activit\u00e9s du 27e FESPACO.<\/p>\n<p>\u00ab La culture s\u00e9n\u00e9galaise et africaine va rayonner au cours de cette semaine. Nous esp\u00e9rons vraiment que cette \u00e9dition soit une belle r\u00e9ussite. Nous avons eu \u00e9cho des autres pays qui \u00e9taient \u00e0 l\u2019honneur. Nous voulons aussi \u00eatre \u00e0 la hauteur et pourquoi pas faire mieux que les autres \u00bb, souhaite Yacine San\u00e9. Et de conclure par cette pique comique : \u00ab Attendez-nous d\u00e8h ! Nous allons venir en force ! \u00bb<\/p>\n<p style=\"text-align: right\"><strong>Joseph HARO<\/strong> (josephharo@gmail.com)<\/p>\n<p style=\"text-align: right\"><strong>Mahamadi SEBOGO<\/strong><\/p>\n<p style=\"text-align: right\">(Windmad76@gmail.com)<\/p>\n<p style=\"text-align: right\">Envoy\u00e9s sp\u00e9ciaux depuis Dakar, S\u00e9n\u00e9gal<\/p>\n<p>L\u2019article <a rel=\"nofollow\" href=\"https:\/\/www.sidwaya.info\/blog\/2021\/10\/05\/fespaco-2021-une-caravane-de-cineastes-senegalais-en-route\/\">FESPACO 2021: Une caravane de cin\u00e9astes s\u00e9n\u00e9galais  en route<\/a> est apparu en premier sur <a rel=\"nofollow\" href=\"https:\/\/www.sidwaya.info\/\">Quotidien Sidwaya<\/a>.<\/p>\n<\/div>\n<p>Auteur: JK. Sidwaya<br \/>\n<a href=\"https:\/\/www.sidwaya.info\/blog\/2021\/10\/05\/fespaco-2021-une-caravane-de-cineastes-senegalais-en-route\/\">Cliquez ici pour lire l&rsquo;article depuis sa source.<\/a><\/p>\n","protected":false},"excerpt":{"rendered":"<p>Des cin\u00e9astes (acteurs, producteurs, r\u00e9alisateurs, techniciens, etc.) du pays invit\u00e9 d\u2019honneur au 27e FESPACO, le S\u00e9n\u00e9gal, vont rallier la capitale burkinab\u00e8 par la route, du 11 au 15 octobre, \u00e0 travers une caravane. Il s\u2019agit pour ces professionnels du cin\u00e9ma s\u00e9n\u00e9galais, de marquer singuli\u00e8rement leur pr\u00e9sence \u00e0 l\u2019\u00e9dition 2021 de la biennale du 7e art [&hellip;]<\/p>\n","protected":false},"author":1816,"featured_media":0,"comment_status":"closed","ping_status":"closed","sticky":false,"template":"","format":"standard","meta":{"fifu_image_url":"https:\/\/www.sidwaya.info\/wp-content\/uploads\/2021\/10\/senalaise-300x220.gif","fifu_image_alt":"FESPACO 2021: Une caravane de cin\u00e9astes s\u00e9n\u00e9galais  en route","footnotes":""},"categories":[73,81],"tags":[],"class_list":["post-129132","post","type-post","status-publish","format-standard","hentry","category-actualite","category-burkina-faso"],"_links":{"self":[{"href":"https:\/\/linitiative.ca\/International\/wp-json\/wp\/v2\/posts\/129132","targetHints":{"allow":["GET"]}}],"collection":[{"href":"https:\/\/linitiative.ca\/International\/wp-json\/wp\/v2\/posts"}],"about":[{"href":"https:\/\/linitiative.ca\/International\/wp-json\/wp\/v2\/types\/post"}],"author":[{"embeddable":true,"href":"https:\/\/linitiative.ca\/International\/wp-json\/wp\/v2\/users\/1816"}],"replies":[{"embeddable":true,"href":"https:\/\/linitiative.ca\/International\/wp-json\/wp\/v2\/comments?post=129132"}],"version-history":[{"count":0,"href":"https:\/\/linitiative.ca\/International\/wp-json\/wp\/v2\/posts\/129132\/revisions"}],"wp:attachment":[{"href":"https:\/\/linitiative.ca\/International\/wp-json\/wp\/v2\/media?parent=129132"}],"wp:term":[{"taxonomy":"category","embeddable":true,"href":"https:\/\/linitiative.ca\/International\/wp-json\/wp\/v2\/categories?post=129132"},{"taxonomy":"post_tag","embeddable":true,"href":"https:\/\/linitiative.ca\/International\/wp-json\/wp\/v2\/tags?post=129132"}],"curies":[{"name":"wp","href":"https:\/\/api.w.org\/{rel}","templated":true}]}}