{"id":129134,"date":"2021-10-05T17:30:10","date_gmt":"2021-10-05T21:30:10","guid":{"rendered":"https:\/\/linitiative.ca\/International\/la-malediction-des-fetiches-contre-les-terroristes-et-leurs-complices\/"},"modified":"2021-10-05T17:30:10","modified_gmt":"2021-10-05T21:30:10","slug":"la-malediction-des-fetiches-contre-les-terroristes-et-leurs-complices","status":"publish","type":"post","link":"https:\/\/linitiative.ca\/International\/la-malediction-des-fetiches-contre-les-terroristes-et-leurs-complices\/","title":{"rendered":"La mal\u00e9diction des f\u00e9tiches contre les terroristes et leurs complices"},"content":{"rendered":"<div>\n<p>En pleine bourrasque des violences terroristes, Kantigui a des raisons d\u2019esp\u00e9rer notamment \u00e0 travers l\u2019implication de plus en plus visible de toutes les forces vives de la soci\u00e9t\u00e9, convaincues que ce combat est loin d\u2019\u00eatre celui d\u2019un gouvernement. Selon les sources de Kantigui, les populations des r\u00e9gions les plus touch\u00e9es par les attaques terroristes font plus que de la r\u00e9silience.<\/p>\n<p>En effet, Kantigui a appris que dans la r\u00e9gion du Centre-Nord, les VDP ont sollicit\u00e9 l\u2019appui des gardiens de nos traditions pour attirer la col\u00e8re des anc\u00eatres sur les terroristes et leurs complices au sein des populations.<\/p>\n<p>Le 1er octobre dernier, a appris Kantigui, des rites ont \u00e9t\u00e9 effectu\u00e9s sur les redoutables et r\u00e9put\u00e9s Tinkuga (f\u00e9tiches en langue moor\u00e9) du Centre-Nord pour implorer la paix et la sant\u00e9 pour les honn\u00eates personnes dans la lutte contre l\u2019hydre terroriste et tous les malheurs du monde aux traitres, aux acteurs et complices des actes terroristes sans distinction de race, de religion, de couleur, de classe sociale.<\/p>\n<p>Dans la guerre contre le terrorisme, toutes les sensibilit\u00e9s doivent conjuguer leurs forces, \u00e0 l\u2019image de celle de la tradition et de la rationalit\u00e9, pour permettre au pays de retrouver sa tranquillit\u00e9 d\u2019antan.<\/p>\n<hr>\n<p><strong>Le PAREN vent debout contre les coups d\u2019Etat <\/strong><\/p>\n<p>La Parti de la renaissance nationale (PAREN) du Dr. Abdoul Karim Sango, ancien ministre de la Culture et actuel conseiller sp\u00e9cial du pr\u00e9sident du Faso, tient sa rentr\u00e9e politique le samedi 9 octobre prochain \u00e0 Ouagadougou. Selon les sources de Kantigui, cet \u00e9v\u00e9nement politique sera marqu\u00e9 par une conf\u00e9rence publique sur une th\u00e9matique aussi actuelle qu\u2019\u00e9vocateur : \u00ab Le retour des coups d\u2019Etat en Afrique : causes, cons\u00e9quences et solutions \u00bb.<\/p>\n<p>Au regard du retour en force de la prise du pouvoir par les forces arm\u00e9es dans plusieurs pays de la r\u00e9gion, le PAREN, a-t-on souffl\u00e9 \u00e0 Kantigui, entend faire de sa rentr\u00e9e, une forme d\u2019interpellation, de mise en garde contre les coups d\u2019Etat comme solution aux diverses crises qui secouent le continent. Kantigui esp\u00e8re que \u00ab le parti des intellectuels \u00bb proposera un mod\u00e8le innovant de conqu\u00eate et de gestion du pouvoir d\u2019Etat, propre \u00e0 exorciser les raccourcis des coups d\u2019Etat qui, fondamentalement, n\u2019ont rien de salvateur, a part, \u00eatre des catalyseurs d\u2019un \u00e9ternel recommencement.<\/p>\n<hr>\n<p><strong> Coupures de courant \u00e0 Tenkodogo : des roussettes point\u00e9es du doigt<\/strong><\/p>\n<p>De passage \u00e0 Tenkodogo, chef-lieu de la r\u00e9gion du Centre-Est, Kantigui a eu connaissance d\u2019un communiqu\u00e9 de la direction r\u00e9gionale de la Soci\u00e9t\u00e9 nationale burkinab\u00e8 d\u2019\u00e9lectricit\u00e9 (SONABEL) informant la client\u00e8le sur les raisons des multiples coupures de courant depuis un certain temps.<\/p>\n<p>De ce communiqu\u00e9, Kantigui a not\u00e9 que ce sont des roussettes qui sont \u00e0 l\u2019origine de ces d\u00e9lestages r\u00e9currents dans la ville, selon le constat d\u2019une mission technique de travail de la SONABEL venue de Ouagadougou. Le communiqu\u00e9 pr\u00e9cise que, de retour de leur migration nocturne, les roussettes s\u2019accrochent aux poteaux haute tension de la SONABEL, provoquant des courts circuits qui engendrent syst\u00e9matiquement des coupures d\u2019\u00e9lectricit\u00e9. \u00ab Pour l\u2019heure, nous ne disposons d\u2019aucun moyen technique pour \u00e9radiquer ce fl\u00e9au.<\/p>\n<p>Nous comptons uniquement sur la bonne compr\u00e9hension de tous, notamment nos clients, en attendant le d\u00e9part de ces bestioles de la r\u00e9gion \u00bb, a indiqu\u00e9 une source de Kantigui. Kantigui, tout en f\u00e9licitant la SONABEL pour cet \u00e9clairage avec images \u00e0 l\u2019appui, souhaite vivement qu\u2019une solution appropri\u00e9e soit trouv\u00e9e dans un bref d\u00e9lai.<\/p>\n<hr>\n<p><strong> Contrebande de cigarettes : le trafic se poursuit tranquillement <\/strong><\/p>\n<p>Kantigui f\u00e9licite l\u2019Autorit\u00e9 sup\u00e9rieure de contr\u00f4le d\u2019Etat et de lutte contre la corruption (ASCE-LC) pour son investigation qui a permis de lever un coin de voile sur le mode d\u2019approvisionnement des groupes terroristes en carburant sur le territoire national \u00e0 partir de Koalou dans la r\u00e9gion de l\u2019Est du Burkina Faso. Cette enqu\u00eate vient confirmer l\u2019alerte qu\u2019avait donn\u00e9e Sidwaya \u00e0 travers un reportage en 2017 intitul\u00e9 \u00ab Trafic d\u2019essence \u00e0 l\u2019Est : Koalou, le no man\u2019s land des fraudeurs \u00bb.<\/p>\n<p>Kantigui saisit encore ce canal pour appeler les autorit\u00e9s, notamment les services des douanes \u00e0 redoubler de vigilance quant \u00e0 l\u2019entr\u00e9e frauduleuse de cigarettes sur le territoire national.<\/p>\n<p>Dans une enqu\u00eate r\u00e9alis\u00e9e en 2019 par le m\u00eame journal titr\u00e9e \u00ab Trafic illicite de cigarettes : fraudes fiscales et corruption \u00e0 ciel ouvert \u00bb, il est ressorti que ce produit emprunte le m\u00eame circuit \u00e0 partir d\u2019un pays voisin pour gagner tout le territoire burkinab\u00e8. Malheureusement, Kantigui constate que ce trafic se poursuit en toute impunit\u00e9. A titre d\u2019exemple, la vente de la cigarette \u00ab Gold Seal \u00bb n\u2019est pas autoris\u00e9e au Burkina Faso.<\/p>\n<p>Toutefois, elle inonde les villes et villages burkinab\u00e8. Qui fait entrer ce produit sur le territoire national ? Kantigui pense que les autorit\u00e9s trouveront la r\u00e9ponse \u00e0 cette question si tous les moyens sont mis en \u0153uvre pour traquer les contrebandiers qui s\u2019adonnent \u00e0 cette pratique. Car, non seulement ce trafic peut contribuer \u00e0 alimenter les groupes terroristes, mais, il fait perdre \u00e0 l\u2019Etat, des milliards F CFA en termes de taxes et imp\u00f4ts. Kantigui plaide pour que des actions fortes soient initi\u00e9es pour arr\u00eater cette saign\u00e9e \u00e9conomique.<\/p>\n<hr>\n<p><strong>COVID-19 : 13 morts au Burkina en septembre 2021 <\/strong><\/p>\n<p>Si bon nombre de Burkinab\u00e8 ont baiss\u00e9 la garde face aux mesures barri\u00e8res contre la COVID-19, Kantigui a fait le triste constat que la pand\u00e9mie continue de s\u00e9vir mortellement au Burkina Faso. Rien que pour le mois de septembre 2021, l\u2019on a enregistr\u00e9 13 morts du fait de cette maladie. Un chiffre-record depuis la survenue des premiers cas en mars 2020. Comme causes de la persistance de la pand\u00e9mie, les sp\u00e9cialistes de la sant\u00e9 pointent du doigt l\u2019inobservation des mesures barri\u00e8res et la mobilit\u00e9 humaine.<\/p>\n<p>\u00ab La p\u00e9riode de juillet-ao\u00fbt-septembre est une occasion pour les compatriotes vivant \u00e0 l\u2019ext\u00e9rieur de rentrer. Comme ce sont \u00e9galement leurs vacances, beaucoup de personnes rejoignent les campagnes pour voir leurs familles. Ce mouvement de populations a d\u00fb \u00eatre une porte de contamination \u00bb, a expliqu\u00e9 le gestionnaire d\u2019incident de la COVID-19, Dr Charlemagne Kondombo. Au cours du mois de septembre, la COVID-19 \u00e9tait active dans 23 districts sanitaires sur 70.<\/p>\n<p>Kantigui, en consultant les statistiques, a remarqu\u00e9 que l\u2019on d\u00e9nombrait 161 cas actifs r\u00e9partis dans dix r\u00e9gions \u00e0 la date du 27 septembre 2021. Au regard de ces chiffres inqui\u00e9tants, Kantigui pense que les Burkinab\u00e8 devraient se faire vacciner afin de mieux faire barri\u00e8re au virus.<\/p>\n<hr>\n<p><strong>Nouna : un directeur exige des \u00ab ristournes \u00bb \u00e0 deux enseignants <\/strong><\/p>\n<p>Kantigui a appris de sources concordantes que deux enseignants d\u2019une \u00e9cole franco-arabe, dans la r\u00e9gion de la Boucle du Mouhoun, ont \u00e9t\u00e9 oblig\u00e9s de restituer chacun, la somme de 300 mille F CFA sur leurs \u00e9moluments qu\u2019ils per\u00e7oivent chaque ann\u00e9e \u00e0 travers la convention sign\u00e9e avec le Projet d\u2019appui \u00e0 l\u2019enseignement primaire bilingue franco-arabe (PREFA) depuis 2015.<\/p>\n<p>Les deux instituteurs travaillent dans cette \u00e9cole depuis 2013 sans une contrepartie r\u00e9elle. A travers le PREFA, les enseignants des \u00e9coles medersa b\u00e9n\u00e9ficient d\u2019une subvention afin de mener \u00e0 bien leurs activit\u00e9s. Ce qui permet de payer les enseignants \u00e0 hauteur de 720.000 F CFA par an. Selon les informations que Kantigui a re\u00e7ues, depuis cette date, quand ces derniers vont chercher leur paie \u00e0 Ouagadougou, le directeur de l\u2019\u00e9cole leur retire 300 mille F CFA sans aucune raison valable.<\/p>\n<p>A cette rentr\u00e9e scolaire 2021-2022, les deux enseignants ont voulu faire de la r\u00e9sistance, en s\u2019abstenant de reverser la \u00ab ristourne \u00bb. Mais le directeur a utilis\u00e9 la mani\u00e8re forte en allant menacer l\u2019un d\u2019entre eux, chez lui \u00e0 domicile, avec un couteau. Sous la contrainte, ils ont d\u00fb c\u00e9der la somme r\u00e9clam\u00e9e. Face \u00e0 un tel agissement, l\u2019un des enseignants n\u2019entend plus administrer des cours au sein de l\u2019\u00e9tablissement.<\/p>\n<p>Le second ne s\u2019est pas encore d\u00e9cid\u00e9, vu que sa survie ainsi que celle de sa famille d\u00e9pend en partie de ce salaire. Kantigui souhaite vivement que les autorit\u00e9s comp\u00e9tentes clarifient l\u2019octroi de ces \u00e9moluments afin d\u2019\u00e9pargner une perturbation des cours dans cet \u00e9tablissement franco-arabe.<\/p>\n<hr>\n<p><strong>SIAO 2016 et 2018 : des prestataires attendent toujours leurs ch\u00e8ques <\/strong><\/p>\n<p>Des prestataires des \u00e9ditions 2016 et 2018 du Salon international de l\u2019artisanat de Ouagadougou (SIAO) n\u2019ont pas \u00e9t\u00e9 pay\u00e9s, a appris Kantigui. Selon la source de Kantigui, tout est parti d\u2019un \u00ab malentendu \u00bb entre le Directeur des affaires financi\u00e8res (DAF) d\u2019alors et le contr\u00f4leur financier qui, apr\u00e8s service rendu, a refus\u00e9 de donner son visa pour le paiement de leurs factures.<\/p>\n<p>Les cr\u00e9anciers que Kantigui a pu identifier sont : des organes de presse, des transporteurs, des animateurs, des h\u00f4teliers, la billetterie (compagnies a\u00e9riennes), des restaurateurs et des artisans. Le conseil d\u2019administration n\u2019a pu trouver de solution. C\u2019est alors que les ministres en charge du commerce et des finances ont \u00e9t\u00e9 saisis. De proc\u00e9dures en proc\u00e9dures, a not\u00e9 Kantigui, le Premier ministre autorisera le paiement de la presse, de l\u2019h\u00f4tellerie et de la billetterie en 2020.<\/p>\n<p>Le Conseil des ministres a donn\u00e9 son quitus cette ann\u00e9e, pour le r\u00e8glement des factures des restaurateurs. A entendre l\u2019interlocuteur de Kantigui, ce sont les transporteurs, les artisans et les animateurs qui n\u2019ont pas encore \u00e9t\u00e9 pay\u00e9s, soit 11 personnes pour des impay\u00e9s d\u2019environ 60 millions F CFA. Le comble, a poursuivi l\u2019informateur de Kantigui, c\u2019est que ces derniers ne savent plus \u00e0 quel saint se vouer.<\/p>\n<p>\u00ab On n\u2019arrive pas \u00e0 comprendre pourquoi ils ont pay\u00e9 les autres et pas nous. Ils nous promettent seulement, sans autre pr\u00e9cision \u00bb, a d\u00e9plor\u00e9 la source de Kantigui. \u00ab Depuis 5 ans, nous travaillons pour rembourser des cr\u00e9dits. La Caisse populaire a d\u00e9j\u00e0 saisi la maison d\u2019un d\u2019entre nous \u00bb, a regrett\u00e9 le vis-\u00e0-vis de Kantigui.<\/p>\n<hr>\n<p><strong> Demandes de visas fran\u00e7ais pour motifs personnels : seul le passeport ordinaire est exig\u00e9 <\/strong><\/p>\n<p>Kantigui est tomb\u00e9 sur une note du consulat g\u00e9n\u00e9ral de France \u00e0 Ouagadougou relative aux demandes de visas pour des motifs personnels. De ce que votre informateur a pu lire, le consulat g\u00e9n\u00e9ral de France au Burkina Faso informe que les demandes de visas pour motifs personnels (touristique, visite familiale ou raisons de sant\u00e9, y compris en cas de rapatriement sanitaire) doivent \u00eatre d\u00e9pos\u00e9es exclusivement sur passeports ordinaires, \u00e0 travers le prestataire de service ext\u00e9rieur CAPAGO.<\/p>\n<p>\u00ab Les demandes sur passeports ordinaires doivent comporter tous les justificatifs requis et \u00eatre saisies au pr\u00e9alable sur l\u2019application France-Visas avant d\u00e9p\u00f4t aupr\u00e8s de CAPAGO. Un d\u00e9lai minimum de 15 jours \u00e0 trois semaines avant la date de d\u00e9part envisag\u00e9e est en outre n\u00e9cessaire. Ce d\u00e9lai d\u2019instruction minimum s\u2019applique pour toute demande de visa, quel que soit le passeport utilis\u00e9 \u00bb, stipule la note.<\/p>\n<p>Elle pr\u00e9cise qu\u2019\u00ab en aucun cas, il ne sera possible dor\u00e9navant \u00e0 ce consulat g\u00e9n\u00e9ral d\u2019instruire des demandes sur passeports officiels (diplomatique et de service) pour des demandes qui ne rel\u00e8veraient pas d\u2019un contexte professionnel \u00bb. En sus, l\u2019\u00e9tablissement de notes verbales circonstanci\u00e9es et accompagn\u00e9es d\u2019un ordre de mission (passeports de service uniquement) demeure n\u00e9cessaire.<\/p>\n<p>Pour \u00e9viter tout d\u00e9sagr\u00e9ment, Kantigui invite les voyageurs \u00e0 destination de la France \u00e0 prendre les dispositions n\u00e9cessaires inh\u00e9rentes \u00e0 cette note du consulat g\u00e9n\u00e9ral de France.<\/p>\n<hr>\n<p><strong>K\u00e9n\u00e9dougou : l\u2019association Yira Y\u00e9r\u00e9 r\u00e9habilite le tron\u00e7on Kangala-Mahon <\/strong><\/p>\n<p>De passage ce weekend \u00e0 Kangala dans la province du K\u00e9n\u00e9dougou, r\u00e9gion des Hauts-Bassins, Kantigui a pu constater que le tron\u00e7on Kangala-Mahon a refait peau neuve.<\/p>\n<p>Ayant lui-m\u00eame un mois auparavant emprunt\u00e9 cette voie avec difficult\u00e9, Kantigui a souhait\u00e9 conna\u00eetre les raisons de ce changement salutaire. C\u2019est ainsi qu\u2019il a ou\u00ef dire que l\u2019initiative est de l\u2019association Yira Y\u00e9r\u00e9 (l\u00e8ve-toi en langue s\u00e9noufo), une association d\u2019envergure communale ayant plus de 20 ans d\u2019existence.<\/p>\n<p>Sur cotisation de ses membres, elle a mobilis\u00e9 les populations sorties massivement le samedi 2 octobre 2021 avec pelles, brouettes, charrettes, tricycles, bennes, pour charger de terre et de cailloux, les parties d\u00e9grad\u00e9es de cette route d\u00e9partementale. Aussi, il est parvenu \u00e0 Kantigui que cette initiative va se poursuivre jusqu\u2019\u00e0 la r\u00e9habilitation des 10 km que mesure cette voie dont l\u2019importance n\u2019est plus \u00e0 d\u00e9montrer.<\/p>\n<p>Kantigui salue cette initiative qui est bien citoyenne et souhaite que d\u2019autres initiatives pareilles voient le jour ailleurs en cette fin d\u2019hivernage.<\/p>\n<hr>\n<p><strong>Mois du consommer local : le \u00ab made in UEMOA \u00bb<\/strong><\/p>\n<p>\u00e0 l\u2019honneur Kantigui a appris avec joie que le mois du consommer local va \u00eatre officiellement lanc\u00e9 aujourd\u2019hui 6 octobre 2021 au si\u00e8ge de l\u2019UEMOA, \u00e0 Ouagadougou. La c\u00e9l\u00e9bration de la 2e \u00e9dition du \u00abmois d\u2019octobre, mois du consommer local au sein de l\u2019espace communautaire \u00bb se tiendra autour du th\u00e8me : \u00ab Promouvoir le consommer local : une contribution \u00e0 la mise en \u0153uvre r\u00e9ussie de la ZLECAF\u00bb.<\/p>\n<p>Pendant trois jours, la Commission de l\u2019UEMOA offre l\u2019occasion \u00e0 des repr\u00e9sentants des huit \u00c9tats membres d\u2019exposer des produits \u00ab made in UEMOA \u00bb dans l\u2019enceinte du si\u00e8ge de l\u2019institution, sis au 380 Avenue Pr Joseph-KI-ZERBO. Au niveau national, le minist\u00e8re de l\u2019Industrie, du Commerce et de l\u2019Artisanat pr\u00e9voit une s\u00e9rie d\u2019activit\u00e9s.<\/p>\n<p>Il s\u2019agit d\u2019un cross populaire, du salon Made in Burkina Faso, de s\u00e9ances de d\u00e9gustation et d\u2019une op\u00e9ration don de sang, entre autres. Kantigui invite les consommateurs \u00e0 se mobiliser pour la r\u00e9ussite des activit\u00e9s pr\u00e9vues, car l\u2019initiative \u00ab le mois du consommer local \u00bb contribue \u00e0 renforcer les PME\/PMI et ainsi \u00e0 pr\u00e9parer le Burkina et les autres pays de l\u2019espace, \u00e0 saisir toutes les opportunit\u00e9s en la mati\u00e8re.<\/p>\n<hr>\n<p><strong>Le CHU Yalgado sans scanner <\/strong><\/p>\n<p>Des cris du c\u0153ur d\u2019accompagnants de malades sont mont\u00e9s jusqu\u2019\u00e0 Kantigui. Le Centre hospitalier universitaire (CHU) Yalgado-Ou\u00e9draogo est en effet sans scanner depuis plus de six mois. Selon l\u2019informateur de Kantigui, le seul scanner de cet h\u00f4pital de r\u00e9f\u00e9rence avait \u00e9t\u00e9 r\u00e9par\u00e9, mais il est retomb\u00e9 en panne. D\u00e9sempar\u00e9s, les patients sont donc oblig\u00e9s de recourir au CHU de Bogodogo et Schiphra qui ont trois scanners pour faire leurs examens.<\/p>\n<p>\u00ab Des patients avec des pl\u00e2tres au cou et d\u2019autres sous oxyg\u00e8ne sont oblig\u00e9s d\u2019emprunter des taxis pour s\u2019y rendre parce qu\u2019il n\u2019y a pas d\u2019ambulance aussi pour les transporter \u00bb, a d\u00e9plor\u00e9 la source de Kantigui. Cons\u00e9quence, a-t-elle dit, des patients meurent dans les taxis et les plus chanceux s\u2019en sortent indemnes, sinon avec une aggravation de leur mal. Kantigui invite donc les autorit\u00e9s sanitaires \u00e0 rem\u00e9dier urgemment \u00e0 cette situation. Kantigui<\/p>\n<p style=\"text-align: right\"><strong>Kantigui2000@gmail.com <\/strong><\/p>\n<p style=\"text-align: right\">(+226) 25 31 22 89<\/p>\n<p>L\u2019article <a rel=\"nofollow\" href=\"https:\/\/www.sidwaya.info\/blog\/2021\/10\/05\/la-malediction-des-fetiches-contre-les-terroristes-et-leurs-complices\/\">La mal\u00e9diction des f\u00e9tiches contre les terroristes et leurs complices<\/a> est apparu en premier sur <a rel=\"nofollow\" href=\"https:\/\/www.sidwaya.info\/\">Quotidien Sidwaya<\/a>.<\/p>\n<\/div>\n<p>Auteur: JK. Sidwaya<br \/>\n<a href=\"https:\/\/www.sidwaya.info\/blog\/2021\/10\/05\/la-malediction-des-fetiches-contre-les-terroristes-et-leurs-complices\/\">Cliquez ici pour lire l&rsquo;article depuis sa source.<\/a><\/p>\n","protected":false},"excerpt":{"rendered":"<p>En pleine bourrasque des violences terroristes, Kantigui a des raisons d\u2019esp\u00e9rer notamment \u00e0 travers l\u2019implication de plus en plus visible de toutes les forces vives de la soci\u00e9t\u00e9, convaincues que ce combat est loin d\u2019\u00eatre celui d\u2019un gouvernement. Selon les sources de Kantigui, les populations des r\u00e9gions les plus touch\u00e9es par les attaques terroristes font [&hellip;]<\/p>\n","protected":false},"author":1816,"featured_media":0,"comment_status":"closed","ping_status":"closed","sticky":false,"template":"","format":"standard","meta":{"fifu_image_url":"","fifu_image_alt":"","footnotes":""},"categories":[73,81],"tags":[],"class_list":["post-129134","post","type-post","status-publish","format-standard","hentry","category-actualite","category-burkina-faso"],"_links":{"self":[{"href":"https:\/\/linitiative.ca\/International\/wp-json\/wp\/v2\/posts\/129134","targetHints":{"allow":["GET"]}}],"collection":[{"href":"https:\/\/linitiative.ca\/International\/wp-json\/wp\/v2\/posts"}],"about":[{"href":"https:\/\/linitiative.ca\/International\/wp-json\/wp\/v2\/types\/post"}],"author":[{"embeddable":true,"href":"https:\/\/linitiative.ca\/International\/wp-json\/wp\/v2\/users\/1816"}],"replies":[{"embeddable":true,"href":"https:\/\/linitiative.ca\/International\/wp-json\/wp\/v2\/comments?post=129134"}],"version-history":[{"count":0,"href":"https:\/\/linitiative.ca\/International\/wp-json\/wp\/v2\/posts\/129134\/revisions"}],"wp:attachment":[{"href":"https:\/\/linitiative.ca\/International\/wp-json\/wp\/v2\/media?parent=129134"}],"wp:term":[{"taxonomy":"category","embeddable":true,"href":"https:\/\/linitiative.ca\/International\/wp-json\/wp\/v2\/categories?post=129134"},{"taxonomy":"post_tag","embeddable":true,"href":"https:\/\/linitiative.ca\/International\/wp-json\/wp\/v2\/tags?post=129134"}],"curies":[{"name":"wp","href":"https:\/\/api.w.org\/{rel}","templated":true}]}}