{"id":129135,"date":"2021-10-05T17:40:44","date_gmt":"2021-10-05T21:40:44","guid":{"rendered":"https:\/\/linitiative.ca\/International\/dr-djime-adoum-haut-representant-de-la-coalition-pour-le-sahel-il-faut-consolider-a-la-fois-la-situation-securitaire-et-le-developpement\/"},"modified":"2021-10-05T17:40:44","modified_gmt":"2021-10-05T21:40:44","slug":"dr-djime-adoum-haut-representant-de-la-coalition-pour-le-sahel-il-faut-consolider-a-la-fois-la-situation-securitaire-et-le-developpement","status":"publish","type":"post","link":"https:\/\/linitiative.ca\/International\/dr-djime-adoum-haut-representant-de-la-coalition-pour-le-sahel-il-faut-consolider-a-la-fois-la-situation-securitaire-et-le-developpement\/","title":{"rendered":"Dr Djim\u00e9 Adoum, Haut repr\u00e9sentant de la coalition pour le Sahel  : \u00ab Il faut consolider \u00e0 la fois la situation s\u00e9curitaire et le d\u00e9veloppement \u00bb"},"content":{"rendered":"<div>\n<p><strong>Le Pr\u00e9sident du Faso, Roch Marc Christian Kabor\u00e9, a re\u00e7u en audience, le Secr\u00e9taire ex\u00e9cutif du G5 Sahel, Eric Tiar\u00e9 et le Haut repr\u00e9sentant de la coalition pour le Sahel, Dr Adoum Djim\u00e9, le mardi 5 octobre 2021 \u00e0 Ouagadougou. <\/strong><\/p>\n<p>A la suite de sa nomination en tant que Secr\u00e9taire ex\u00e9cutif du G5 Sahel, Eric Tiar\u00e9 a entrepris une tourn\u00e9e aupr\u00e8s des chefs d\u2019Etat de la r\u00e9gion en vue de recevoir leurs conseils pour bien r\u00e9ussir sa mission. C\u2019est dans ce cadre qu\u2019il a \u00e9t\u00e9 re\u00e7u en audience par le Pr\u00e9sident du Faso, Roch Marc Christian Kabor\u00e9, le mardi 5 octobre 2021 \u00e0 Ouagadougou. \u00ab<\/p>\n<p>Nous avons re\u00e7u ses orientations sur la mani\u00e8re dont nous devons travailler au niveau du secr\u00e9tariat ex\u00e9cutif pour remplir la mission qui nous a \u00e9t\u00e9 confi\u00e9e qui est de lutter contre le terro-risme et de travailler pour le d\u00e9veloppement et le bien-\u00eatre des populations du G5 Sahel \u00bb, a-t-il confi\u00e9 \u00e0 sa sortie d\u2019audience.<\/p>\n<p>En outre, il a indiqu\u00e9 que des op\u00e9rations seront bient\u00f4t men\u00e9es par la force conjointe afin de contrer la menace terroriste dans l\u2019espace sous r\u00e9gional. \u00ab Il y a un plan d\u2019op\u00e9rations qui est pr\u00e9vu et un conseil de d\u00e9fense et de s\u00e9curit\u00e9 sera organis\u00e9 afin d\u2019examiner ce plan et voir dans quelles mesures les troupes pourront \u00eatre r\u00e9organis\u00e9es afin qu\u2019elles soient plus op\u00e9rationnelles \u00bb, a-t-il indiqu\u00e9.<\/p>\n<p>Avant le secr\u00e9taire ex\u00e9cutif du G5 Sahel, le pr\u00e9sident du Faso s\u2019est entretenu avec le Haut repr\u00e9sentant de la coalition pour le Sahel, Dr Adoum Djim\u00e9. Un \u00e9change qui avait pour objectif principal selon le Dr Djim\u00e9, de d\u00e9terminer l\u2019\u00e9tat d\u2019avancement de la feuille de route qui est issue du communiqu\u00e9 final de N\u2019Djamena et qui devra orienter les actions de la coalition.<\/p>\n<p><strong>Prendre en compte les d\u00e9fis de la r\u00e9gion <\/strong><\/p>\n<figure id=\"attachment_40401\" aria-describedby=\"caption-attachment-40401\" style=\"width: 300px\" class=\"wp-caption alignleft\"><img decoding=\"async\" loading=\"lazy\" class=\"size-medium wp-image-40401\" src=\"https:\/\/linitiative.ca\/International\/wp-content\/uploads\/sites\/23\/2021\/10\/adoun2-300x200-1.gif\" alt=\"\" width=\"300\" height=\"200\" srcset=\"https:\/\/linitiative.ca\/International\/wp-content\/uploads\/sites\/23\/2021\/10\/adoun2-300x200-1.gif 300w, https:\/\/www.sidwaya.info\/wp-content\/uploads\/2021\/10\/adoun2-768x512.gif 768w, https:\/\/www.sidwaya.info\/wp-content\/uploads\/2021\/10\/adoun2-150x100.gif 150w, https:\/\/www.sidwaya.info\/wp-content\/uploads\/2021\/10\/adoun2-696x464.gif 696w, https:\/\/www.sidwaya.info\/wp-content\/uploads\/2021\/10\/adoun2-630x420.gif 630w\" sizes=\"auto, (max-width: 300px) 100vw, 300px\"><figcaption id=\"caption-attachment-40401\" class=\"wp-caption-text\">Le Haut repr\u00e9sentant de la coalition pour le Sahel, Dr Adoum Djim\u00e9 : \u00ab Nous avons \u00e9chang\u00e9 avec le pr\u00e9sident du Faso sur l\u2019\u00e9tat d\u2019avancement de la feuille de route de N\u2019Djamena \u00bb.<\/figcaption><\/figure>\n<p>A ses dires, cette feuille de route prend en compte les grands d\u00e9fis auxquels font face actuellement les pays du G5 Sahel. Elle comprend quatre piliers qui sont la lutte contre le terrorisme, la mont\u00e9e en puissance des forces arm\u00e9es nationales, le retour de l\u2019Etat avec la fourniture de services et de biens dans les espaces lib\u00e9r\u00e9s par les forces conjointes et le d\u00e9veloppement \u00e0 long terme.<\/p>\n<p>\u00ab Nous sommes unanimes sur le fait qu\u2019il vaut la peine de consolider \u00e0 la fois la situation s\u00e9curitaire et le d\u00e9veloppement pour qu\u2019il n\u2019y ait pas un qui soit contre l\u2019autre ou vice versa. Si on s\u2019attaque au pilier quatre qui est celui du d\u00e9veloppement en cr\u00e9ant des richesses et de l\u2019emploi, certainement nos jeunes ne vont pas devenir des terroristes contre nous \u00bb, a-t-il estim\u00e9.<\/p>\n<p>Il a, par ailleurs, insist\u00e9 sur la n\u00e9cessit\u00e9 que la feuille de route qui sera mise en place soit bien ficel\u00e9e afin de prendre en compte les besoins essentiels des pays du G5 Sahel. Pour ce faire, il a not\u00e9 qu\u2019une table ronde sera organis\u00e9e dans les deux prochains mois afin de produire un document final consensuel qui sera par la suite soumis aux partenaires techniques et financiers afin de solliciter leur engagement pour venir en aide au Sahel dont la situation est peu reluisante.<\/p>\n<p>D\u2019ores et d\u00e9j\u00e0, il s\u2019est dit convaincu de la disponibilit\u00e9 dont feront montre les Partenaires techniques et financiers afin de soutenir le pays des Hommes int\u00e8gres et tous les autres pays membres du G5 Sahel.<\/p>\n<p style=\"text-align: right\"><strong>Nad\u00e8ge YAMEOGO<\/strong><\/p>\n<p>L\u2019article <a rel=\"nofollow\" href=\"https:\/\/www.sidwaya.info\/blog\/2021\/10\/05\/dr-djime-adoum-haut-representant-de-la-coalition-pour-le-sahel-il-faut-consolider-a-la-fois-la-situation-securitaire-et-le-developpement\/\">Dr Djim\u00e9 Adoum, Haut repr\u00e9sentant de la coalition pour le Sahel  : \u00ab Il faut consolider \u00e0 la fois la situation s\u00e9curitaire et le d\u00e9veloppement \u00bb<\/a> est apparu en premier sur <a rel=\"nofollow\" href=\"https:\/\/www.sidwaya.info\/\">Quotidien Sidwaya<\/a>.<\/p>\n<\/div>\n<p>Auteur: JK. Sidwaya<br \/>\n<a href=\"https:\/\/www.sidwaya.info\/blog\/2021\/10\/05\/dr-djime-adoum-haut-representant-de-la-coalition-pour-le-sahel-il-faut-consolider-a-la-fois-la-situation-securitaire-et-le-developpement\/\">Cliquez ici pour lire l&rsquo;article depuis sa source.<\/a><\/p>\n","protected":false},"excerpt":{"rendered":"<p>Le Pr\u00e9sident du Faso, Roch Marc Christian Kabor\u00e9, a re\u00e7u en audience, le Secr\u00e9taire ex\u00e9cutif du G5 Sahel, Eric Tiar\u00e9 et le Haut repr\u00e9sentant de la coalition pour le Sahel, Dr Adoum Djim\u00e9, le mardi 5 octobre 2021 \u00e0 Ouagadougou. A la suite de sa nomination en tant que Secr\u00e9taire ex\u00e9cutif du G5 Sahel, Eric [&hellip;]<\/p>\n","protected":false},"author":1816,"featured_media":0,"comment_status":"closed","ping_status":"closed","sticky":false,"template":"","format":"standard","meta":{"fifu_image_url":"https:\/\/www.sidwaya.info\/wp-content\/uploads\/2021\/10\/adoun2-300x200.gif","fifu_image_alt":"Dr Djim\u00e9 Adoum, Haut repr\u00e9sentant de la coalition pour le Sahel  : \u00ab Il faut consolider \u00e0 la fois la situation s\u00e9curitaire et le d\u00e9veloppement \u00bb","footnotes":""},"categories":[73,81],"tags":[],"class_list":["post-129135","post","type-post","status-publish","format-standard","hentry","category-actualite","category-burkina-faso"],"_links":{"self":[{"href":"https:\/\/linitiative.ca\/International\/wp-json\/wp\/v2\/posts\/129135","targetHints":{"allow":["GET"]}}],"collection":[{"href":"https:\/\/linitiative.ca\/International\/wp-json\/wp\/v2\/posts"}],"about":[{"href":"https:\/\/linitiative.ca\/International\/wp-json\/wp\/v2\/types\/post"}],"author":[{"embeddable":true,"href":"https:\/\/linitiative.ca\/International\/wp-json\/wp\/v2\/users\/1816"}],"replies":[{"embeddable":true,"href":"https:\/\/linitiative.ca\/International\/wp-json\/wp\/v2\/comments?post=129135"}],"version-history":[{"count":0,"href":"https:\/\/linitiative.ca\/International\/wp-json\/wp\/v2\/posts\/129135\/revisions"}],"wp:attachment":[{"href":"https:\/\/linitiative.ca\/International\/wp-json\/wp\/v2\/media?parent=129135"}],"wp:term":[{"taxonomy":"category","embeddable":true,"href":"https:\/\/linitiative.ca\/International\/wp-json\/wp\/v2\/categories?post=129135"},{"taxonomy":"post_tag","embeddable":true,"href":"https:\/\/linitiative.ca\/International\/wp-json\/wp\/v2\/tags?post=129135"}],"curies":[{"name":"wp","href":"https:\/\/api.w.org\/{rel}","templated":true}]}}