{"id":129137,"date":"2021-10-05T14:18:53","date_gmt":"2021-10-05T18:18:53","guid":{"rendered":"https:\/\/linitiative.ca\/International\/cameroun-taux-davancement-des-travaux-de-construction-de-lhotel-de-ville-de-mbouda-a-28\/"},"modified":"2021-10-05T14:18:53","modified_gmt":"2021-10-05T18:18:53","slug":"cameroun-taux-davancement-des-travaux-de-construction-de-lhotel-de-ville-de-mbouda-a-28","status":"publish","type":"post","link":"https:\/\/linitiative.ca\/International\/cameroun-taux-davancement-des-travaux-de-construction-de-lhotel-de-ville-de-mbouda-a-28\/","title":{"rendered":"Cameroun : taux d\u2019avancement des travaux de construction de l\u2019H\u00f4tel de ville de Mbouda \u00e0 28 %"},"content":{"rendered":"<div>\n<p><img loading=\"lazy\" decoding=\"async\" width=\"300\" height=\"225\" src=\"https:\/\/linitiative.ca\/International\/wp-content\/uploads\/sites\/23\/2021\/10\/img-mbouda-6.jpg\" class=\"attachment-post-thumbnail size-post-thumbnail wp-post-image\" alt=\"\"><\/p>\n<h5 style=\"text-align: justify;\"><span style=\"font-size: 12pt;\">L\u2019\u00e9valuation de ce projet a \u00e9t\u00e9 effectu\u00e9e par le Directeur g\u00e9n\u00e9ral du Feicom Phillipe Camille Akoa.<\/span><\/h5>\n<p style=\"text-align: justify;\">\n<p style=\"text-align: justify;\">\n<p style=\"text-align: justify;\">\n<p style=\"text-align: justify;\"><span style=\"font-size: 12pt;\">Sous la conduite du maire et du Pr\u00e9fet des bamboutos, <strong>Philippe Camille AKOA<\/strong> et son staff technique ont \u00e9valu\u00e9 \u00e0 28 % le taux d\u2019avancement des chantiers avec 46,46% du taux de consommation des d\u00e9lais.<\/span><\/p>\n<p style=\"text-align: justify;\"><span style=\"font-size: 12pt;\">Pour une enveloppe de 518 millions FCFA,\u00a0\u00a0ce projet comprend notamment un rez-de-chauss\u00e9e qui s\u2019\u00e9tend sur une superficie de 449 m\u00b2, 02 \u00e9tages avec 449 m\u00b2 pour le niveau 1 et 464 m\u00b2 pour le niveau 2. La salle des actes quant \u00e0 elle s\u2019\u00e9tend sur 355 m\u00b2. Au total, l\u2019ouvrage aura en son sein 24 bureaux, 31 salles d\u2019eau, 02 salles d\u2019archives, 01 salle de r\u00e9union etc.<\/span><\/p>\n<p style=\"text-align: justify;\"><span style=\"font-size: 12pt;\">Sur le terrain, les entreprises\u00a0\u00a0\u00ab Royal Connection Entreprise \u00bb et \u00ab Technicis Sarl \u00bb se d\u00e9ploient pour une r\u00e9ception des travaux dans les mois \u00e0 venir.<\/span><\/p>\n<p>Cet article <a rel=\"nofollow\" href=\"https:\/\/www.journalducameroun.com\/cameroun-taux-davancement-des-travaux-de-construction-de-lhotel-de-ville-de-mbouda-a-28-cameroun\/\">Cameroun : taux d\u2019avancement des travaux de construction de l\u2019H\u00f4tel de ville de Mbouda \u00e0 28 %<\/a> est apparu en premier sur <a rel=\"nofollow\" href=\"https:\/\/www.journalducameroun.com\/\">Journal du Cameroun<\/a>.<\/p>\n<\/div>\n<p>Auteur: Christian DJIMADEU<br \/>\n<a href=\"https:\/\/www.journalducameroun.com\/cameroun-taux-davancement-des-travaux-de-construction-de-lhotel-de-ville-de-mbouda-a-28-cameroun\/\">Cliquez ici pour lire l&rsquo;article depuis sa source.<\/a><\/p>\n","protected":false},"excerpt":{"rendered":"<p>L\u2019\u00e9valuation de ce projet a \u00e9t\u00e9 effectu\u00e9e par le Directeur g\u00e9n\u00e9ral du Feicom Phillipe Camille Akoa. Sous la conduite du maire et du Pr\u00e9fet des bamboutos, Philippe Camille AKOA et son staff technique ont \u00e9valu\u00e9 \u00e0 28 % le taux d\u2019avancement des chantiers avec 46,46% du taux de consommation des d\u00e9lais. Pour une enveloppe de [&hellip;]<\/p>\n","protected":false},"author":1965,"featured_media":0,"comment_status":"closed","ping_status":"closed","sticky":false,"template":"","format":"standard","meta":{"fifu_image_url":"https:\/\/www.journalducameroun.com\/wp-content\/uploads\/2021\/10\/img-mbouda-6.jpg","fifu_image_alt":"Cameroun : taux d\u2019avancement des travaux de construction de l\u2019H\u00f4tel de ville de Mbouda \u00e0 28 %","footnotes":""},"categories":[73,82],"tags":[],"class_list":["post-129137","post","type-post","status-publish","format-standard","hentry","category-actualite","category-cameroun"],"_links":{"self":[{"href":"https:\/\/linitiative.ca\/International\/wp-json\/wp\/v2\/posts\/129137","targetHints":{"allow":["GET"]}}],"collection":[{"href":"https:\/\/linitiative.ca\/International\/wp-json\/wp\/v2\/posts"}],"about":[{"href":"https:\/\/linitiative.ca\/International\/wp-json\/wp\/v2\/types\/post"}],"author":[{"embeddable":true,"href":"https:\/\/linitiative.ca\/International\/wp-json\/wp\/v2\/users\/1965"}],"replies":[{"embeddable":true,"href":"https:\/\/linitiative.ca\/International\/wp-json\/wp\/v2\/comments?post=129137"}],"version-history":[{"count":0,"href":"https:\/\/linitiative.ca\/International\/wp-json\/wp\/v2\/posts\/129137\/revisions"}],"wp:attachment":[{"href":"https:\/\/linitiative.ca\/International\/wp-json\/wp\/v2\/media?parent=129137"}],"wp:term":[{"taxonomy":"category","embeddable":true,"href":"https:\/\/linitiative.ca\/International\/wp-json\/wp\/v2\/categories?post=129137"},{"taxonomy":"post_tag","embeddable":true,"href":"https:\/\/linitiative.ca\/International\/wp-json\/wp\/v2\/tags?post=129137"}],"curies":[{"name":"wp","href":"https:\/\/api.w.org\/{rel}","templated":true}]}}