{"id":129139,"date":"2021-10-05T14:30:19","date_gmt":"2021-10-05T18:30:19","guid":{"rendered":"https:\/\/linitiative.ca\/International\/cameroun-lallemagne-injecte-3-milliards-dans-le-programme-dappui-a-la-modernisation-de-letat-civil\/"},"modified":"2021-10-05T14:30:19","modified_gmt":"2021-10-05T18:30:19","slug":"cameroun-lallemagne-injecte-3-milliards-dans-le-programme-dappui-a-la-modernisation-de-letat-civil","status":"publish","type":"post","link":"https:\/\/linitiative.ca\/International\/cameroun-lallemagne-injecte-3-milliards-dans-le-programme-dappui-a-la-modernisation-de-letat-civil\/","title":{"rendered":"Cameroun : l\u2019Allemagne injecte 3 milliards dans le Programme d\u2019appui \u00e0 la modernisation de l\u2019Etat Civil"},"content":{"rendered":"<div>\n<p><img loading=\"lazy\" decoding=\"async\" width=\"1230\" height=\"550\" src=\"https:\/\/linitiative.ca\/International\/wp-content\/uploads\/sites\/23\/2021\/10\/CoopC3A9ration-Cameroun-Allemagne.jpg\" class=\"attachment-post-thumbnail size-post-thumbnail wp-post-image\" alt=\"Cameroun : l\u2019Allemagne fait un don de 6 milliards FCFA au Cameroun\" srcset=\"https:\/\/linitiative.ca\/International\/wp-content\/uploads\/sites\/23\/2021\/10\/CoopC3A9ration-Cameroun-Allemagne.jpg 1230w, https:\/\/www.journalducameroun.com\/wp-content\/uploads\/2021\/06\/Coop\u00e9ration-Cameroun-Allemagne-300x134.jpg 300w, https:\/\/www.journalducameroun.com\/wp-content\/uploads\/2021\/06\/Coop\u00e9ration-Cameroun-Allemagne-768x343.jpg 768w, https:\/\/www.journalducameroun.com\/wp-content\/uploads\/2021\/06\/Coop\u00e9ration-Cameroun-Allemagne-1024x458.jpg 1024w, https:\/\/www.journalducameroun.com\/wp-content\/uploads\/2021\/06\/Coop\u00e9ration-Cameroun-Allemagne-984x440.jpg 984w, https:\/\/www.journalducameroun.com\/wp-content\/uploads\/2021\/06\/Coop\u00e9ration-Cameroun-Allemagne-600x268.jpg 600w\" sizes=\"auto, (max-width: 1230px) 100vw, 1230px\"><\/p>\n<h5 style=\"text-align: justify;\">En partenariat avec la R\u00e9publique f\u00e9d\u00e9rale d\u2019Allemagne, le Cameroun a mis sur pied le Programme d\u2019Appui \u00e0 la Modernisation de l\u2019Etat Civil (Pamec).<\/h5>\n<p style=\"text-align: justify;\">\n<p style=\"text-align: justify;\">\n<p style=\"text-align: justify;\">\n<p>\u00a0<\/p>\n<div id=\"m_-5091114342383378820yMail_cursorElementTracker_1633456177321\" style=\"text-align: justify;\">Ces fonds serviront au renforcement des capacit\u00e9s de tous les acteurs concern\u00e9s \u00e0 travers la formation continue, la num\u00e9risation des enregistrements d\u2019\u00e9v\u00e9nements importants tels que les naissances, les mariages et les d\u00e9c\u00e8s et l\u2019am\u00e9lioration \u00e0 l\u2019acc\u00e8s aux services li\u00e9s aux donn\u00e9es ainsi sauvegard\u00e9es. Dans la m\u00eame dynamique une coop\u00e9ration avec l\u2019Agence cor\u00e9enne de d\u00e9veloppement (KOICA) est \u00e9galement pr\u00e9vue.<\/div>\n<div id=\"m_-5091114342383378820yMail_cursorElementTracker_1633455643990\" style=\"text-align: justify;\"><\/div>\n<div id=\"m_-5091114342383378820yMail_cursorElementTracker_1633455643990\" style=\"text-align: justify;\">L\u2019objectif est de renforcer les capacit\u00e9s des acteurs concern\u00e9s \u00e0 travers la formation continue, la num\u00e9risation des enregistrements d\u2019\u00e9v\u00e9nements importants tels que les naissances, les mariages et les d\u00e9c\u00e8s et d\u2019am\u00e9liorer l\u2019acc\u00e8s aux services li\u00e9s aux donn\u00e9es. Le projet s\u2019\u00e9tend sur la p\u00e9riode 2018-2020.<\/div>\n<div><\/div>\n<div id=\"m_-5091114342383378820yMail_cursorElementTracker_1633455643990\" style=\"text-align: justify;\">Jusqu\u2019\u00e0 pr\u00e9sent, les registres d\u2019\u00e9tat civil sont tenus manuellement et les documents \u00e9tablis d\u00e9notent d\u2019importantes lacunes en termes de qualit\u00e9 (soit ils sont souvent mal entretenus, soit ils ne peuvent \u00eatre localis\u00e9s). Face \u00e0 cette situation, le Cameroun a initi\u00e9 le processus de modernisation du syst\u00e8me d\u2019\u00e9tat civil en 2009, et l\u2019a poursuivi \u00e0 partir de 2011 dans le cadre du Programme de R\u00e9habilitation de l\u2019\u00e9tat civil (PRE2C).<\/div>\n<div id=\"m_-5091114342383378820yMail_cursorElementTracker_1633455643990\" style=\"text-align: justify;\"><\/div>\n<div id=\"m_-5091114342383378820yMail_cursorElementTracker_1633455643990\" style=\"text-align: justify;\">En d\u2019autres termes, le projet vise \u00e0 renforcer les capacit\u00e9s des acteurs fournissant les services d\u2019\u00e9tat civil (c\u00f4t\u00e9 offre), et \u00e0 accroitre l\u2019utilisation de ces services par la population (c\u00f4t\u00e9 demande).<\/div>\n<div id=\"m_-5091114342383378820yMail_cursorElementTracker_1633455643990\" style=\"text-align: justify;\"><\/div>\n<div id=\"m_-5091114342383378820yMail_cursorElementTracker_1633455643990\" style=\"text-align: justify;\">\u00a0Le projet est cordonn\u00e9 Minddevel (minist\u00e8re de la D\u00e9centralisation et du D\u00e9veloppement Local), le Bunec (Bureau National de l\u2019Etat Civil) et les communes s\u00e9lectionn\u00e9es dans le processus d\u2019impl\u00e9mentation d\u2019un syst\u00e8me fiable et inclusif d\u2019\u00e9tat civil et de statistiques d\u00e9mographiques.<\/div>\n<p>Cet article <a rel=\"nofollow\" href=\"https:\/\/www.journalducameroun.com\/cameroun-lallemagne-injecte-3-milliards-dans-le-programme-dappui-a-la-modernisation-de-letat-civil\/\">Cameroun : l\u2019Allemagne injecte 3 milliards dans le Programme d\u2019appui \u00e0 la modernisation de l\u2019Etat Civil<\/a> est apparu en premier sur <a rel=\"nofollow\" href=\"https:\/\/www.journalducameroun.com\/\">Journal du Cameroun<\/a>.<\/p>\n<\/div>\n<p>Auteur: Christian DJIMADEU<br \/>\n<a href=\"https:\/\/www.journalducameroun.com\/cameroun-lallemagne-injecte-3-milliards-dans-le-programme-dappui-a-la-modernisation-de-letat-civil\/\">Cliquez ici pour lire l&rsquo;article depuis sa source.<\/a><\/p>\n","protected":false},"excerpt":{"rendered":"<p>En partenariat avec la R\u00e9publique f\u00e9d\u00e9rale d\u2019Allemagne, le Cameroun a mis sur pied le Programme d\u2019Appui \u00e0 la Modernisation de l\u2019Etat Civil (Pamec). \u00a0 Ces fonds serviront au renforcement des capacit\u00e9s de tous les acteurs concern\u00e9s \u00e0 travers la formation continue, la num\u00e9risation des enregistrements d\u2019\u00e9v\u00e9nements importants tels que les naissances, les mariages et les [&hellip;]<\/p>\n","protected":false},"author":1965,"featured_media":0,"comment_status":"closed","ping_status":"closed","sticky":false,"template":"","format":"standard","meta":{"fifu_image_url":"https:\/\/www.journalducameroun.com\/wp-content\/uploads\/2021\/06\/Coop\u00e9ration-Cameroun-Allemagne.jpg","fifu_image_alt":"Cameroun : l\u2019Allemagne injecte 3 milliards dans le Programme d\u2019appui \u00e0 la modernisation de l\u2019Etat Civil","footnotes":""},"categories":[73,82],"tags":[],"class_list":["post-129139","post","type-post","status-publish","format-standard","hentry","category-actualite","category-cameroun"],"_links":{"self":[{"href":"https:\/\/linitiative.ca\/International\/wp-json\/wp\/v2\/posts\/129139","targetHints":{"allow":["GET"]}}],"collection":[{"href":"https:\/\/linitiative.ca\/International\/wp-json\/wp\/v2\/posts"}],"about":[{"href":"https:\/\/linitiative.ca\/International\/wp-json\/wp\/v2\/types\/post"}],"author":[{"embeddable":true,"href":"https:\/\/linitiative.ca\/International\/wp-json\/wp\/v2\/users\/1965"}],"replies":[{"embeddable":true,"href":"https:\/\/linitiative.ca\/International\/wp-json\/wp\/v2\/comments?post=129139"}],"version-history":[{"count":0,"href":"https:\/\/linitiative.ca\/International\/wp-json\/wp\/v2\/posts\/129139\/revisions"}],"wp:attachment":[{"href":"https:\/\/linitiative.ca\/International\/wp-json\/wp\/v2\/media?parent=129139"}],"wp:term":[{"taxonomy":"category","embeddable":true,"href":"https:\/\/linitiative.ca\/International\/wp-json\/wp\/v2\/categories?post=129139"},{"taxonomy":"post_tag","embeddable":true,"href":"https:\/\/linitiative.ca\/International\/wp-json\/wp\/v2\/tags?post=129139"}],"curies":[{"name":"wp","href":"https:\/\/api.w.org\/{rel}","templated":true}]}}