{"id":129143,"date":"2021-10-05T15:18:02","date_gmt":"2021-10-05T19:18:02","guid":{"rendered":"https:\/\/linitiative.ca\/International\/marches-publics-ivoiriens-les-acteurs-invites-a-eviter-les-raccourcis\/"},"modified":"2021-10-05T15:18:02","modified_gmt":"2021-10-05T19:18:02","slug":"marches-publics-ivoiriens-les-acteurs-invites-a-eviter-les-raccourcis","status":"publish","type":"post","link":"https:\/\/linitiative.ca\/International\/marches-publics-ivoiriens-les-acteurs-invites-a-eviter-les-raccourcis\/","title":{"rendered":"March\u00e9s publics ivoiriens: les acteurs invit\u00e9s \u00e0 \u00e9viter les \u00ab\u00a0raccourcis\u00a0\u00bb"},"content":{"rendered":"<div>\n<p><img loading=\"lazy\" decoding=\"async\" width=\"756\" height=\"611\" src=\"https:\/\/linitiative.ca\/International\/wp-content\/uploads\/sites\/23\/2021\/10\/16334614822766.jpg\" class=\"attachment-post-thumbnail size-post-thumbnail wp-post-image\" alt=\"\" srcset=\"https:\/\/linitiative.ca\/International\/wp-content\/uploads\/sites\/23\/2021\/10\/16334614822766.jpg 756w, https:\/\/www.journalducameroun.com\/wp-content\/uploads\/2021\/10\/16334614822766-300x242.jpg 300w, https:\/\/www.journalducameroun.com\/wp-content\/uploads\/2021\/10\/16334614822766-544x440.jpg 544w, https:\/\/www.journalducameroun.com\/wp-content\/uploads\/2021\/10\/16334614822766-600x485.jpg 600w\" sizes=\"auto, (max-width: 756px) 100vw, 756px\"><\/p>\n<p>A l&rsquo;ouverture d&rsquo;une formation, au profit de 220 acteurs, sur le nouveau dispositif des march\u00e9s publics ivoiriens, \u00e0 Grand-Bassam, cit\u00e9 baln\u00e9aire situ\u00e9e \u00e0 40 Km au Sud-est d&rsquo;Abidjan, ceux-ci ont \u00e9t\u00e9 invit\u00e9s \u00e0 \u00e9viter les \u00ab\u00a0raccourcis\u00a0\u00bb.<\/p>\n<p>\u00ab\u00a0Je voudrais au nom du directeur g\u00e9n\u00e9ral des march\u00e9s publics, vous inviter, vous conjurer \u00e0 retenir que pour avoir le march\u00e9 public, l&rsquo;acte essentiel, la seule arme, est le respect de la r\u00e9glementation\u00a0\u00bb, a dit M. Paul Brou Yao, le directeur de la r\u00e9glementation et des r\u00e9gimes particuliers, repr\u00e9sentant le directeur g\u00e9n\u00e9ral des march\u00e9s publics.\u00a0<\/p>\n<p>\u00ab\u00a0En cela donc, je voudrais insister sur l&rsquo;imp\u00e9rieuse n\u00e9cessit\u00e9 d&rsquo;\u00e9viter les raccourcis, parce que nous savons \u00a0combien de fois il y a des interm\u00e9diaires v\u00e9reux\u00a0\u00bb, a-t-il ajout\u00e9, soulignant que ceux qui approchent ces \u00a0\u00ab\u00a0personnes pas du tout recommandables\u00a0\u00bb s&rsquo;exposent \u00e0 la rigueur de la loi.<\/p>\n<p>Ce s\u00e9minaire qui se d\u00e9roule du 5 au 7 octobre 2021 a pour th\u00e8me \u00ab\u00a0Gestion des march\u00e9s publics dans le cadre du nouveau dispositif: r\u00f4les et responsabilit\u00e9s des acteurs\u00a0\u00bb. Un deuxi\u00e8me groupe devrait \u00eatre form\u00e9 lors d&rsquo;une seconde session pr\u00e9vue du 12 au 14 octobre 2021.<\/p>\n<p>Selon M. Brou a fait observer que cette formation vise \u00e0 instruire ces acteurs sur les opportunit\u00e9s pour acc\u00e9der aux march\u00e9s publics. au cours de cette formation, ils \u00e9changeront entre autres sur le montage des offres pour optimiser ses chances d&rsquo;avoir des march\u00e9s publics.\u00a0<\/p>\n<p>M. N&rsquo;Galadjo Bamba, coordonnateur du Projet d&rsquo;appui \u00e0 la gestion \u00e9conomique et financi\u00e8re, repr\u00e9sentant le ministre de l&rsquo;\u00c9conomie et des finances, a relev\u00e9 que le nouveau Code des march\u00e9s publics, adopt\u00e9 en juillet 2019, a pour but d&rsquo;accro\u00eetre l&rsquo;efficacit\u00e9 de la d\u00e9pense publique.\u00a0<\/p>\n<p>Cette r\u00e9forme du cadre de r\u00e9glementation de la commande publique vise \u00e0 organiser la passation des march\u00e9s en assurant les exigences de comparaison objectives des offres et de motivation du choix des co-contractants.\u00a0<\/p>\n<p>Le projet d&rsquo;appui \u00e0 la gestion \u00e9conomique et financi\u00e8re couvre l&rsquo;ensemble des structures de contr\u00f4le de la gestion des finances publiques que sont la Cour des comptes, la Haute autorit\u00e9 pour la bonne gouvernance, l&rsquo;Inspection g\u00e9n\u00e9rale d&rsquo;Etat et l&rsquo;Inspection g\u00e9n\u00e9rale des finances.\u00a0<\/p>\n<p>Au niveau de la direction g\u00e9n\u00e9rale des march\u00e9s publics, le projet devrait permettre l&rsquo;audit du syst\u00e8me d&rsquo;information et d&rsquo;\u00e9laboration du sch\u00e9ma directeur informatique, une activit\u00e9 quasiment achev\u00e9e.<\/p>\n<p>Il vise \u00e9galement la mise en place d&rsquo;une d\u00e9marche qualit\u00e9 dans le processus de passation des march\u00e9s pour aboutir \u00e0 la certification ISO 9001 en mati\u00e8re de passation des march\u00e9s publics, un gage de transparence.<\/p>\n<p>Les acteurs intervenant dans cette formation sur les march\u00e9s publics sont notamment les op\u00e9rateurs \u00e9conomiques, les collectivit\u00e9s du Districts d&rsquo;Abidjan et les institutions de la R\u00e9publique.\u00a0<\/p>\n<p>Plus de 2.000 personnes ont \u00e9t\u00e9 form\u00e9es aussi bien \u00e0 Abidjan qu&rsquo;\u00e0 l&rsquo;int\u00e9rieur du pays, \u00e0 travers les directions r\u00e9gionales des march\u00e9s publics. Les cibles vis\u00e9es \u00e9taient les contr\u00f4leurs financiers, budg\u00e9taires et les soci\u00e9t\u00e9s d&rsquo;Etat.\u00a0<\/p>\n<p>Cet article <a rel=\"nofollow\" href=\"https:\/\/www.journalducameroun.com\/marches-publics-ivoiriens-les-acteurs-invites-a-eviter-les-raccourcis\/\">March\u00e9s publics ivoiriens: les acteurs invit\u00e9s \u00e0 \u00e9viter les \u00ab\u00a0raccourcis\u00a0\u00bb<\/a> est apparu en premier sur <a rel=\"nofollow\" href=\"https:\/\/www.journalducameroun.com\/\">Journal du Cameroun<\/a>.<\/p>\n<\/div>\n<p>Auteur: APA News<br \/>\n<a href=\"https:\/\/www.journalducameroun.com\/marches-publics-ivoiriens-les-acteurs-invites-a-eviter-les-raccourcis\/\">Cliquez ici pour lire l&rsquo;article depuis sa source.<\/a><\/p>\n","protected":false},"excerpt":{"rendered":"<p>A l&rsquo;ouverture d&rsquo;une formation, au profit de 220 acteurs, sur le nouveau dispositif des march\u00e9s publics ivoiriens, \u00e0 Grand-Bassam, cit\u00e9 baln\u00e9aire situ\u00e9e \u00e0 40 Km au Sud-est d&rsquo;Abidjan, ceux-ci ont \u00e9t\u00e9 invit\u00e9s \u00e0 \u00e9viter les \u00ab\u00a0raccourcis\u00a0\u00bb. \u00ab\u00a0Je voudrais au nom du directeur g\u00e9n\u00e9ral des march\u00e9s publics, vous inviter, vous conjurer \u00e0 retenir que pour avoir [&hellip;]<\/p>\n","protected":false},"author":1965,"featured_media":0,"comment_status":"closed","ping_status":"closed","sticky":false,"template":"","format":"standard","meta":{"fifu_image_url":"https:\/\/www.journalducameroun.com\/wp-content\/uploads\/2021\/10\/16334614822766.jpg","fifu_image_alt":"March\u00e9s publics ivoiriens: les acteurs invit\u00e9s \u00e0 \u00e9viter les \u00ab\u00a0raccourcis\u00a0\u00bb","footnotes":""},"categories":[73,82],"tags":[],"class_list":["post-129143","post","type-post","status-publish","format-standard","hentry","category-actualite","category-cameroun"],"_links":{"self":[{"href":"https:\/\/linitiative.ca\/International\/wp-json\/wp\/v2\/posts\/129143","targetHints":{"allow":["GET"]}}],"collection":[{"href":"https:\/\/linitiative.ca\/International\/wp-json\/wp\/v2\/posts"}],"about":[{"href":"https:\/\/linitiative.ca\/International\/wp-json\/wp\/v2\/types\/post"}],"author":[{"embeddable":true,"href":"https:\/\/linitiative.ca\/International\/wp-json\/wp\/v2\/users\/1965"}],"replies":[{"embeddable":true,"href":"https:\/\/linitiative.ca\/International\/wp-json\/wp\/v2\/comments?post=129143"}],"version-history":[{"count":0,"href":"https:\/\/linitiative.ca\/International\/wp-json\/wp\/v2\/posts\/129143\/revisions"}],"wp:attachment":[{"href":"https:\/\/linitiative.ca\/International\/wp-json\/wp\/v2\/media?parent=129143"}],"wp:term":[{"taxonomy":"category","embeddable":true,"href":"https:\/\/linitiative.ca\/International\/wp-json\/wp\/v2\/categories?post=129143"},{"taxonomy":"post_tag","embeddable":true,"href":"https:\/\/linitiative.ca\/International\/wp-json\/wp\/v2\/tags?post=129143"}],"curies":[{"name":"wp","href":"https:\/\/api.w.org\/{rel}","templated":true}]}}