{"id":129147,"date":"2021-10-05T11:28:54","date_gmt":"2021-10-05T15:28:54","guid":{"rendered":"https:\/\/linitiative.ca\/International\/lallemagne-injecte-26-milliards-dans-le-programme-dappui-a-la-modernisation-de-letat-civil\/"},"modified":"2021-10-05T11:28:54","modified_gmt":"2021-10-05T15:28:54","slug":"lallemagne-injecte-26-milliards-dans-le-programme-dappui-a-la-modernisation-de-letat-civil","status":"publish","type":"post","link":"https:\/\/linitiative.ca\/International\/lallemagne-injecte-26-milliards-dans-le-programme-dappui-a-la-modernisation-de-letat-civil\/","title":{"rendered":"L\u2019Allemagne injecte 2,6 milliards dans le Programme d\u2019appui \u00e0 la modernisation de l\u2019Etat Civil"},"content":{"rendered":"<div>\n<p>Jusqu\u2019\u00e0 pr\u00e9sent, les registres d\u2019\u00e9tat civil sont tenus manuellement et les documents \u00e9tablis d\u00e9notent d\u2019importantes lacunes en termes de qualit\u00e9 (soit ils sont\u00a0 souvent mal entretenus, soit ils ne peuvent\u00a0 \u00eatre localis\u00e9s). Face \u00e0 cette situation,\u00a0le Cameroun a initi\u00e9 le processus de modernisation du syst\u00e8me d\u2019\u00e9tat civil en 2009, et l\u2019a poursuivi \u00e0 partir de 2011 dans le cadre du Programme de R\u00e9habilitation de l\u2019\u00e9tat civil (PRE2C).<\/p>\n<p><strong>Lire aussi<\/strong> : <strong><a href=\"https:\/\/ecomatin.net\/acte-detat-civil-les-deputes-envisagent-de-nouvelles-mesures\/\">Acte d\u2019\u00e9tat civil : les d\u00e9put\u00e9s envisagent de nouvelles mesures<\/a><\/strong><\/p>\n<p>En partenariat avec la R\u00e9publique f\u00e9d\u00e9rale d\u2019Allemagne, le Cameroun a mis sur pied le Programme d\u2019Appui \u00e0 la Modernisation de l\u2019Etat Civil (Pamec). \u00a0Programme \u00a0qui vient de b\u00e9n\u00e9ficier d\u2019un apport substantiel de la part\u00a0 du gouvernement Allemand d\u2019une enveloppe de 4 millions d\u2019euros soit 2,6 milliards de FCFA.\u00a0\u00abLe gouvernement allemand contribue \u00e0 hauteur de 4 millions d\u2019euros pour le Programme d\u2019Appui \u00e0 la Modernisation de l\u2019Etat Civil; PAMEC\u00bb, renseigne les services de l\u2019ambassade l\u2019Allemagne au Cameroun. Ces fonds serviront au\u00a0 renforcement des capacit\u00e9s de tous les acteurs concern\u00e9s \u00e0 travers la formation continue, la num\u00e9risation des enregistrements d\u2019\u00e9v\u00e9nements importants tels que les naissances, les mariages et les d\u00e9c\u00e8s et l\u2019am\u00e9lioration \u00e0 l\u2019acc\u00e8s aux services li\u00e9s aux donn\u00e9es ainsi sauvegard\u00e9es. Les t\u00e9l\u00e9-centres existants dans les municipalit\u00e9s seront \u00e9galement int\u00e9gr\u00e9s dans cette initiative. Dans la m\u00eame dynamique une coop\u00e9ration avec l\u2019Agence cor\u00e9enne de d\u00e9veloppement (KOICA) est \u00e9galement pr\u00e9vue.<\/p>\n<p><strong>Lire aussi<\/strong> : <strong><a href=\"https:\/\/ecomatin.net\/le-bunec-envisage-la-numerisation-des-archives-des-actes-detat-civil\/\">Le Bunec envisage la num\u00e9risation des archives des actes d\u2019\u00c9tat civil<\/a><\/strong><\/p>\n<p>En d\u2019autres termes, le projet vise \u00e0 renforcer les capacit\u00e9s des acteurs fournissant les services d\u2019\u00e9tat civil (c\u00f4t\u00e9 offre), et \u00e0 accroitre l\u2019utilisation de ces services par la population (c\u00f4t\u00e9 demande). Le c\u00f4t\u00e9 offre est appuy\u00e9 par le biais de consultations strat\u00e9giques et du renforcement des capacit\u00e9s des principales parties prenantes. Cela implique le d\u00e9veloppement de strat\u00e9gies pour des solutions TIC durables. C\u00f4t\u00e9 demande, il s\u2019agit d\u2019assurer l\u2019acc\u00e8s \u00e9gal aux services de l\u2019\u00e9tat civil pour les populations \u00e9conomiquement d\u00e9savantag\u00e9es et les autres groupes d\u00e9favoris\u00e9s. Il s\u2019agit en outre de sensibiliser la population sur la n\u00e9cessit\u00e9 de disposer des actes d\u2019\u00e9tat civil pour pouvoir b\u00e9n\u00e9ficier d\u2019une \u00e9ducation, des services rendus par l\u2019Etat et garantir la participation politique. Ainsi, le programme contribue directement et indirectement \u00e0 la r\u00e9duction de la pauvret\u00e9.<\/p>\n<p><strong>Lire aussi<\/strong> : <strong><a href=\"https:\/\/ecomatin.net\/alexandre-marie-yomo-face-au-defi-de-lenregistrement-des-naissances-en-afrique\/\">Alexandre Marie Yomo, face au d\u00e9fi de l\u2019enregistrement des naissances en Afrique<\/a><\/strong><\/p>\n<p>\u00a0Le projet est men\u00e9 \u00a0sous la houlette du Minddevel (minist\u00e8re de la D\u00e9centralisation et du D\u00e9veloppement Local), le Bunec (Bureau National de l\u2019Etat Civil) et les communes s\u00e9lectionn\u00e9es dans le processus d\u2019impl\u00e9mentation d\u2019un syst\u00e8me fiable et inclusif d\u2019\u00e9tat civil et de statistiques d\u00e9mographiques. \u00a0<\/p>\n<p>L\u2019article <a rel=\"nofollow\" href=\"https:\/\/ecomatin.net\/lallemagne-injecte-26-milliardss-dans-le-programme-dappui-a-la-modernisation-de-letat-civil\/\">L\u2019Allemagne injecte 2,6 milliards dans le Programme d\u2019appui \u00e0 la modernisation de l\u2019Etat Civil<\/a> est apparu en premier sur <a rel=\"nofollow\" href=\"https:\/\/ecomatin.net\/\">EcoMatin<\/a>.<\/p>\n<\/div>\n<p>Auteur: Amina MALLOUM<br \/>\n<a href=\"https:\/\/ecomatin.net\/lallemagne-injecte-26-milliardss-dans-le-programme-dappui-a-la-modernisation-de-letat-civil\/\">Cliquez ici pour lire l&rsquo;article depuis sa source.<\/a><\/p>\n","protected":false},"excerpt":{"rendered":"<p>Jusqu\u2019\u00e0 pr\u00e9sent, les registres d\u2019\u00e9tat civil sont tenus manuellement et les documents \u00e9tablis d\u00e9notent d\u2019importantes lacunes en termes de qualit\u00e9 (soit ils sont\u00a0 souvent mal entretenus, soit ils ne peuvent\u00a0 \u00eatre localis\u00e9s). Face \u00e0 cette situation,\u00a0le Cameroun a initi\u00e9 le processus de modernisation du syst\u00e8me d\u2019\u00e9tat civil en 2009, et l\u2019a poursuivi \u00e0 partir de [&hellip;]<\/p>\n","protected":false},"author":1969,"featured_media":0,"comment_status":"closed","ping_status":"closed","sticky":false,"template":"","format":"standard","meta":{"fifu_image_url":"","fifu_image_alt":"","footnotes":""},"categories":[82,78],"tags":[],"class_list":["post-129147","post","type-post","status-publish","format-standard","hentry","category-cameroun","category-economie"],"_links":{"self":[{"href":"https:\/\/linitiative.ca\/International\/wp-json\/wp\/v2\/posts\/129147","targetHints":{"allow":["GET"]}}],"collection":[{"href":"https:\/\/linitiative.ca\/International\/wp-json\/wp\/v2\/posts"}],"about":[{"href":"https:\/\/linitiative.ca\/International\/wp-json\/wp\/v2\/types\/post"}],"author":[{"embeddable":true,"href":"https:\/\/linitiative.ca\/International\/wp-json\/wp\/v2\/users\/1969"}],"replies":[{"embeddable":true,"href":"https:\/\/linitiative.ca\/International\/wp-json\/wp\/v2\/comments?post=129147"}],"version-history":[{"count":0,"href":"https:\/\/linitiative.ca\/International\/wp-json\/wp\/v2\/posts\/129147\/revisions"}],"wp:attachment":[{"href":"https:\/\/linitiative.ca\/International\/wp-json\/wp\/v2\/media?parent=129147"}],"wp:term":[{"taxonomy":"category","embeddable":true,"href":"https:\/\/linitiative.ca\/International\/wp-json\/wp\/v2\/categories?post=129147"},{"taxonomy":"post_tag","embeddable":true,"href":"https:\/\/linitiative.ca\/International\/wp-json\/wp\/v2\/tags?post=129147"}],"curies":[{"name":"wp","href":"https:\/\/api.w.org\/{rel}","templated":true}]}}