{"id":129148,"date":"2021-10-05T13:48:04","date_gmt":"2021-10-05T17:48:04","guid":{"rendered":"https:\/\/linitiative.ca\/International\/fete-de-lenseignant-la-cicam-reduit-de-70-sa-production-de-pagnes-en-2021\/"},"modified":"2021-10-05T13:48:04","modified_gmt":"2021-10-05T17:48:04","slug":"fete-de-lenseignant-la-cicam-reduit-de-70-sa-production-de-pagnes-en-2021","status":"publish","type":"post","link":"https:\/\/linitiative.ca\/International\/fete-de-lenseignant-la-cicam-reduit-de-70-sa-production-de-pagnes-en-2021\/","title":{"rendered":"F\u00eate de l\u2019enseignant : la Cicam r\u00e9duit de 70% sa production de pagnes en 2021"},"content":{"rendered":"<div>\n<p>D\u00e9cid\u00e9ment avec la covid-19, les ann\u00e9es passent et se ne ressemblent. Ce 05 octobre\u00a0s\u2019est c\u00e9l\u00e9br\u00e9e \u00e0 l\u2019\u00e9chelle mondiale la 27\u00e8me \u00e9dition de la journ\u00e9e internationale de l\u2019enseignant, sous le th\u00e8me \u00ab les enseignants au c\u0153ur de la relance de l\u2019\u00e9ducation \u00bb. Dans le contexte camerounais, la c\u00e9l\u00e9bration de grands \u00e9v\u00e8nements est toujours assortie de gadgets \u00e0 th\u00e8me, notamment les pagnes. A l\u2019\u00e9vocation du pagne, les yeux sont riv\u00e9s vers la Cotonnerie industrielle du Cameroun(Cicam), actuellement en proie \u00e0 des difficult\u00e9s financi\u00e8res et op\u00e9rationnelles. Pour l\u2019\u00e9dition 2021, la Cicam a d\u00fb revoir \u00e0 la baisse ses ambitions de production en pagnes, a appris EcoMatin d\u2019une source interne. Raison \u00e9voqu\u00e9e, la pand\u00e9mie de la Covid-19, coupl\u00e9e \u00e0 la v\u00e9tust\u00e9 des \u00e9quipements. Avec une production pr\u00e9visionnelle de 50.000 pagnes, elle n\u2019a produit que 15.000 pagnes pour la c\u00e9l\u00e9bration de\u00a0 la journ\u00e9e de l\u2019enseignant. Une baisse de l\u2019ordre de 70% sur ses pr\u00e9visions de production pour cette ann\u00e9e, et de 50% en comparaison \u00e0 la production de l\u2019ann\u00e9e derni\u00e8re, qui \u00e9tait alors de 30.000 pagnes. La Cicam, explique avoir produit en nombre r\u00e9duit afin d\u2019\u00e9viter les invendus de l\u2019ann\u00e9e derni\u00e8re.<\/p>\n<p><strong>Lire aussi<\/strong> : <strong><a href=\"https:\/\/ecomatin.net\/filiere-textile-la-cicam-mise-sur-son-usine-de-garoua-pour-sauver-son-chiffre-daffaires-en-2021\/\">Fili\u00e8re textile : la Cicam mise sur son usine de Garoua pour sauver son chiffre d\u2019affaires en 2021<\/a><\/strong><\/p>\n<p>Une baisse de production, renvoie ipso facto \u00e0 un manque \u00e0 gagner, surtout que les c\u00e9l\u00e9brations \u00e0 th\u00e8me sont des p\u00e9riodes de moisson abondante pour l\u2019entreprise. De ce fait, la Cicam mise sur une strat\u00e9gie tout faite. \u00ab Nous comptons produire des pagnes g\u00e9n\u00e9riques, c\u2019est-\u00e0-dire des pagnes pour des mariages, deuils et autres \u00e9v\u00e8nements pour compenser le manque \u00e0 gagner \u00bb, explique Guy Alain Mouyema r\u00e9gional de la Cicam du Centre, Sud et l\u2019Est. Avec une demande en hausse de 20% en comparaison \u00e0 l\u2019ann\u00e9e 2020, les clients ont du faire recours aux stocks de l\u2019ann\u00e9e 2020, une situation qui a permis \u00e0 la Cicam d\u2019\u00e9couler tout son stock d\u2019invendus. N\u00e9anmoins, cette baisse de production souligne la Cicam, permettra de r\u00e9aliser des \u00e9conomies de la mati\u00e8re premi\u00e8re pour la production du pagne du 8 mars 2022, dont les pr\u00e9paratifs sont en cours au sein de la soci\u00e9t\u00e9. Ce, afin \u00ab d\u2019\u00e9viter toute\u00a0 p\u00e9nurie \u00bb, fait savoir Guy Alain Mouyema.<\/p>\n<p><strong>Lire aussi<\/strong> : <strong><a href=\"https:\/\/ecomatin.net\/cicam-va-demanteler-une-partie-de-ses-unites-s-industrielles-a-douala\/\">Cicam va d\u00e9manteler une partie de ses unit\u00e9s industrielles \u00e0 Douala<\/a><\/strong><\/p>\n<p>L\u2019article <a rel=\"nofollow\" href=\"https:\/\/ecomatin.net\/fete-de-lenseignant-la-cicam-reduit-de-70-sa-production-n-de-pagnes-en-2021\/\">F\u00eate de l\u2019enseignant : la Cicam r\u00e9duit de 70% sa production de pagnes en 2021<\/a> est apparu en premier sur <a rel=\"nofollow\" href=\"https:\/\/ecomatin.net\/\">EcoMatin<\/a>.<\/p>\n<\/div>\n<p>Auteur: Amina MALLOUM<br \/>\n<a href=\"https:\/\/ecomatin.net\/fete-de-lenseignant-la-cicam-reduit-de-70-sa-production-n-de-pagnes-en-2021\/\">Cliquez ici pour lire l&rsquo;article depuis sa source.<\/a><\/p>\n","protected":false},"excerpt":{"rendered":"<p>D\u00e9cid\u00e9ment avec la covid-19, les ann\u00e9es passent et se ne ressemblent. Ce 05 octobre\u00a0s\u2019est c\u00e9l\u00e9br\u00e9e \u00e0 l\u2019\u00e9chelle mondiale la 27\u00e8me \u00e9dition de la journ\u00e9e internationale de l\u2019enseignant, sous le th\u00e8me \u00ab les enseignants au c\u0153ur de la relance de l\u2019\u00e9ducation \u00bb. Dans le contexte camerounais, la c\u00e9l\u00e9bration de grands \u00e9v\u00e8nements est toujours assortie de gadgets [&hellip;]<\/p>\n","protected":false},"author":1969,"featured_media":0,"comment_status":"closed","ping_status":"closed","sticky":false,"template":"","format":"standard","meta":{"fifu_image_url":"","fifu_image_alt":"","footnotes":""},"categories":[82,78],"tags":[],"class_list":["post-129148","post","type-post","status-publish","format-standard","hentry","category-cameroun","category-economie"],"_links":{"self":[{"href":"https:\/\/linitiative.ca\/International\/wp-json\/wp\/v2\/posts\/129148","targetHints":{"allow":["GET"]}}],"collection":[{"href":"https:\/\/linitiative.ca\/International\/wp-json\/wp\/v2\/posts"}],"about":[{"href":"https:\/\/linitiative.ca\/International\/wp-json\/wp\/v2\/types\/post"}],"author":[{"embeddable":true,"href":"https:\/\/linitiative.ca\/International\/wp-json\/wp\/v2\/users\/1969"}],"replies":[{"embeddable":true,"href":"https:\/\/linitiative.ca\/International\/wp-json\/wp\/v2\/comments?post=129148"}],"version-history":[{"count":0,"href":"https:\/\/linitiative.ca\/International\/wp-json\/wp\/v2\/posts\/129148\/revisions"}],"wp:attachment":[{"href":"https:\/\/linitiative.ca\/International\/wp-json\/wp\/v2\/media?parent=129148"}],"wp:term":[{"taxonomy":"category","embeddable":true,"href":"https:\/\/linitiative.ca\/International\/wp-json\/wp\/v2\/categories?post=129148"},{"taxonomy":"post_tag","embeddable":true,"href":"https:\/\/linitiative.ca\/International\/wp-json\/wp\/v2\/tags?post=129148"}],"curies":[{"name":"wp","href":"https:\/\/api.w.org\/{rel}","templated":true}]}}