{"id":129158,"date":"2021-10-06T10:00:19","date_gmt":"2021-10-06T14:00:19","guid":{"rendered":"https:\/\/linitiative.ca\/International\/expo-dubai-2020-ouverture-de-la-semaine-de-bayt-mal-al-qods-al-acharif\/"},"modified":"2021-10-06T10:00:19","modified_gmt":"2021-10-06T14:00:19","slug":"expo-dubai-2020-ouverture-de-la-semaine-de-bayt-mal-al-qods-al-acharif","status":"publish","type":"post","link":"https:\/\/linitiative.ca\/International\/expo-dubai-2020-ouverture-de-la-semaine-de-bayt-mal-al-qods-al-acharif\/","title":{"rendered":"\u00abExpo Duba\u00ef 2020\u00bb : Ouverture de la \u00abSemaine de Bayt Mal Al-Qods Al Acharif\u00bb"},"content":{"rendered":"<div>\n<p><img decoding=\"async\" width=\"300\" height=\"153\" src=\"https:\/\/linitiative.ca\/International\/wp-content\/uploads\/sites\/23\/2021\/10\/lExpo-2020-300x153-1.png\" class=\"attachment-medium size-medium wp-post-image\" alt=\"\" loading=\"lazy\" srcset=\"\/\/aujourdhui.ma\/wp-content\/uploads\/2021\/09\/lExpo-2020-300x153.png 300w, \/\/aujourdhui.ma\/wp-content\/uploads\/2021\/09\/lExpo-2020-274x140.png 274w, \/\/aujourdhui.ma\/wp-content\/uploads\/2021\/09\/lExpo-2020.png 746w, \/\/aujourdhui.ma\/wp-content\/uploads\/2021\/09\/lExpo-2020-165x84.png 165w, \/\/aujourdhui.ma\/wp-content\/uploads\/2021\/09\/lExpo-2020-702x358.png 702w\" sizes=\"auto, (max-width: 300px) 100vw, 300px\"><\/p>\n<p><span style=\"color: #800000;\"><strong>Les assises de la \u00abSemaine de Bayt Mal Al-Qods Al Acharif\u00bb, organis\u00e9e par l\u2019Agence Bayt Mal Al-Qods, relevant du Comit\u00e9 Al- Qods, se sont ouvertes lundi dans le cadre de l\u2019\u00bbExpo Duba\u00ef 2020\u00bb. A cette occasion, il a \u00e9t\u00e9 proc\u00e9d\u00e9 \u00e0 l\u2019inauguration de l\u2019exposition \u00abComit\u00e9 Al-Qods: des \u00e9tapes lumineuses\u00bb, qui passe en revue les aspects de l\u2019histoire et de l\u2019activit\u00e9 du Comit\u00e9 Al-Qods, \u00e0 l\u2019\u00e9poque de Feu SM Hassan II et de Sa Majest\u00e9 le Roi Mohammed VI, que Dieu L\u2019assiste.<\/strong><\/span><span id=\"more-388396\"><\/span><\/p>\n<p>Une exposition intitul\u00e9e \u00abKazdura \u00e0 Al-Qods\u00bb a \u00e9t\u00e9 \u00e9galement inaugur\u00e9e. Il s\u2019agit d\u2019un tour en photos incarnant certains univers d\u2019Al- Qods et refl\u00e9tant les th\u00e9matiques de tol\u00e9rance, de coexistence, ainsi que du mode de vie de la population de la ville et les aspects de leur vie quotidienne. La c\u00e9r\u00e9monie d\u2019ouverture a \u00e9t\u00e9 \u00e9galement marqu\u00e9e par la pr\u00e9sentation du portail \u00e9lectronique de l\u2019Agence cr\u00e9\u00e9 \u00e0 l\u2019occasion de sa participation \u00e0 cet \u00e9v\u00e9nement d\u2019envergure. Celui-ci contient des reportages et des contenus vid\u00e9os, en arabe et en anglais. Le portail pr\u00e9sente aussi le bilan des actions de l\u2019Agence dans les domaines de l\u2019am\u00e9nagement, de la sant\u00e9 et de l\u2019\u00e9ducation, ainsi que des programmes d\u2019aide sociale et des projets de d\u00e9veloppement humain, entre autres. Dans une allocution d\u2019ouverture, le directeur charg\u00e9 de la gestion de l\u2019Agence Bayt Mal Al-Qods Al Acharif, Mohamed Salem Cherkaoui, a expos\u00e9 les projets lanc\u00e9s par l\u2019Agence, en particulier le Programme de d\u00e9veloppement humain, qui comprend des projets visant l\u2019autonomisation des femmes, l\u2019aide des jeunes pour int\u00e9grer le march\u00e9 du travail, le soutien aux associations locales, et la plateforme \u00e9lectronique pour le commerce social et solidaire \u00abDalala\u00bb.<\/p>\n<p>Ces projets fondateurs, lanc\u00e9s par Sa Majest\u00e9 le Roi Mohammed VI, Pr\u00e9sident du Comit\u00e9 Al-Qods, \u00abn\u2019ont pas n\u00e9cessit\u00e9 de gros investissements, mais ils ont exig\u00e9 un certain audace et une certaine innovation pour atteindre les couches les plus n\u00e9cessiteuses\u00bb, a expliqu\u00e9 M. Cherkaoui. Par cons\u00e9quent, ajoute-t-il, l\u2019Agence, bras financier du Comit\u00e9 Al-Qods, relevant de l\u2019Organisation de la coop\u00e9ration islamique (OCI), a fix\u00e9 des crit\u00e8res rigoureux pour s\u00e9lectionner les projets prioritaires, en raison du financement limit\u00e9 et ce, sur la base d\u2019indicateurs de la situation sociale \u00e0 Al-Qods. Et de pr\u00e9ciser que la semaine de l\u2019Agence \u00e0 \u00abExpo-Duba\u00ef 2020\u00bb est l\u2019occasion de pr\u00e9senter ce qu\u2019elle a accompli ou aspire \u00e0 r\u00e9aliser afin de faire r\u00e9pandre les valeurs du respect fond\u00e9es sur les principes d\u2019\u00e9quit\u00e9, de coexistence et d\u2019\u00e9galit\u00e9 entre les adeptes des religions monoth\u00e9istes \u00e0 Al-Qods.<\/p>\n<p>Pour sa part, Nouria Al-Hamami, l\u2019ambassadrice, directrice du D\u00e9partement Dialogue et Communication au sein de l\u2019OCI, a indiqu\u00e9 que l\u2019Agence Bayt Mal Al-Qods est la premi\u00e8re institution affili\u00e9e \u00e0 l\u2019une des organisations \u00e9manant de l\u2019OCI qui tient ses activit\u00e9s, en raison de son symbolisme particulier au profit de la cause pour laquelle elle a \u00e9t\u00e9 fond\u00e9e.<\/p>\n<\/div>\n<p>Auteur: ALM<br \/>\n<a href=\"https:\/\/aujourdhui.ma\/economie\/expo-dubai-2020-ouverture-de-la-semaine-de-bayt-mal-al-qods-al-acharif\">Cliquez ici pour lire l&rsquo;article depuis sa source.<\/a><\/p>\n","protected":false},"excerpt":{"rendered":"<p>Les assises de la \u00abSemaine de Bayt Mal Al-Qods Al Acharif\u00bb, organis\u00e9e par l\u2019Agence Bayt Mal Al-Qods, relevant du Comit\u00e9 Al- Qods, se sont ouvertes lundi dans le cadre de l\u2019\u00bbExpo Duba\u00ef 2020\u00bb. A cette occasion, il a \u00e9t\u00e9 proc\u00e9d\u00e9 \u00e0 l\u2019inauguration de l\u2019exposition \u00abComit\u00e9 Al-Qods: des \u00e9tapes lumineuses\u00bb, qui passe en revue les aspects [&hellip;]<\/p>\n","protected":false},"author":1759,"featured_media":0,"comment_status":"closed","ping_status":"closed","sticky":false,"template":"","format":"standard","meta":{"fifu_image_url":"https:\/\/aujourdhui.ma\/wp-content\/uploads\/2021\/09\/lExpo-2020-300x153.png","fifu_image_alt":"\u00abExpo Duba\u00ef 2020\u00bb : Ouverture de la \u00abSemaine de Bayt Mal Al-Qods Al Acharif\u00bb","footnotes":""},"categories":[73,54],"tags":[],"class_list":["post-129158","post","type-post","status-publish","format-standard","hentry","category-actualite","category-maroc"],"_links":{"self":[{"href":"https:\/\/linitiative.ca\/International\/wp-json\/wp\/v2\/posts\/129158","targetHints":{"allow":["GET"]}}],"collection":[{"href":"https:\/\/linitiative.ca\/International\/wp-json\/wp\/v2\/posts"}],"about":[{"href":"https:\/\/linitiative.ca\/International\/wp-json\/wp\/v2\/types\/post"}],"author":[{"embeddable":true,"href":"https:\/\/linitiative.ca\/International\/wp-json\/wp\/v2\/users\/1759"}],"replies":[{"embeddable":true,"href":"https:\/\/linitiative.ca\/International\/wp-json\/wp\/v2\/comments?post=129158"}],"version-history":[{"count":0,"href":"https:\/\/linitiative.ca\/International\/wp-json\/wp\/v2\/posts\/129158\/revisions"}],"wp:attachment":[{"href":"https:\/\/linitiative.ca\/International\/wp-json\/wp\/v2\/media?parent=129158"}],"wp:term":[{"taxonomy":"category","embeddable":true,"href":"https:\/\/linitiative.ca\/International\/wp-json\/wp\/v2\/categories?post=129158"},{"taxonomy":"post_tag","embeddable":true,"href":"https:\/\/linitiative.ca\/International\/wp-json\/wp\/v2\/tags?post=129158"}],"curies":[{"name":"wp","href":"https:\/\/api.w.org\/{rel}","templated":true}]}}