{"id":129166,"date":"2021-10-05T14:00:00","date_gmt":"2021-10-05T18:00:00","guid":{"rendered":"https:\/\/linitiative.ca\/International\/facebook-en-pleine-tourmente\/"},"modified":"2021-10-05T14:00:00","modified_gmt":"2021-10-05T18:00:00","slug":"facebook-en-pleine-tourmente","status":"publish","type":"post","link":"https:\/\/linitiative.ca\/International\/facebook-en-pleine-tourmente\/","title":{"rendered":"Facebook en pleine tourmente"},"content":{"rendered":"<div>\n<p class=\"has-text-align-center has-vivid-cyan-blue-color has-text-color\"><strong>Panne et scandale<\/strong><\/p>\n<p class=\"has-black-color has-text-color\"><strong>Facebook, Instagram, WhatsApp et Messenger, les deux r\u00e9seaux sociaux et les deux messageries du g\u00e9ant californien, \u00e9mergeaient mardi d\u2019une panne sans pr\u00e9c\u00e9dent, qui a plong\u00e9 le groupe dans une double crise apr\u00e8s les r\u00e9v\u00e9lations au grand jour d\u2019une lanceuse d\u2019alerte.<\/strong><\/p>\n<p class=\"has-black-color has-text-color\">L\u2019incident technique constitue la panne \u00ab\u00a0la plus importante jamais observ\u00e9e\u00a0\u00bb par Downdetector, qui recense les signalements des utilisateurs. \u00ab\u00a0Des milliards d\u2019utilisateurs ont \u00e9t\u00e9 affect\u00e9s\u00a0\u00bb, a assur\u00e9 le site.<br \/>\u00ab\u00a0A l\u2019immense communaut\u00e9 de personnes et entreprises dans le monde qui d\u00e9pendent de nous: nous sommes d\u00e9sol\u00e9s. Nous travaillons dur \u00e0 vous redonner acc\u00e8s \u00e0 nos applis et services et sommes heureux de vous dire qu\u2019ils reviennent en ligne en ce moment\u00a0\u00bb, a tweet\u00e9 Facebook lundi \u00e0 22H30 GMT, apr\u00e8s quelques sept heures de panne.<\/p>\n<p class=\"has-black-color has-text-color\">Cette panne tombe tr\u00e8s mal pour la firme de Mark Zuckerberg, qui traverse l\u2019une des pires crises sur sa r\u00e9putation.<br \/>En cause, une ancienne ing\u00e9nieure, Frances Haugen, qui a accus\u00e9 le groupe de choisir \u00ab\u00a0le profit plut\u00f4t que la s\u00fbret\u00e9\u00a0\u00bb de ses utilisateurs, dans un entretien diffus\u00e9 par la cha\u00eene CBS dimanche.<\/p>\n<p class=\"has-black-color has-text-color\">Ses r\u00e9v\u00e9lations ont donn\u00e9 un nouvel \u00e9lan aux nombreux critiques de Facebook, dont les quatre plateformes sont utilis\u00e9es tous les mois par quelque 3,5 milliards de personnes.<br \/>Ces r\u00e9v\u00e9lations montrent pour le pr\u00e9sident am\u00e9ricain Joe Biden que la soci\u00e9t\u00e9 \u00ab\u00a0ne sait pas se r\u00e9guler elle-m\u00eame\u00a0\u00bb, d\u2019apr\u00e8s sa porte-parole Jen Psaki. Elles \u00ab\u00a0prouvent les inqui\u00e9tudes (\u2026) au sujet du pouvoir que les g\u00e9ants des r\u00e9seaux ont amass\u00e9\u00a0\u00bb.<\/p>\n<p class=\"has-black-color has-text-color\">La lanceuse d\u2019alerte sera interrog\u00e9e par une commission parlementaire mardi.<br \/>\u00ab\u00a0Nos sinc\u00e8res excuses \u00e0 tous ceux qui sont affect\u00e9s (\u2026) Nous avons des probl\u00e8mes de r\u00e9seau et nos \u00e9quipes travaillent aussi vite que possible pour r\u00e9parer et revenir en ligne\u00a0\u00bb, avait tweet\u00e9 un peu plus t\u00f4t Mike Schroepfer, le directeur technologique de Facebook.<\/p>\n<p class=\"has-black-color has-text-color\">La soci\u00e9t\u00e9 n\u2019a toujours pas donn\u00e9 d\u2019explications officielles. Selon des experts en cybers\u00e9curit\u00e9, la gigantesque panne serait li\u00e9e \u00e0 des mises \u00e0 jour du syst\u00e8me informatique de routage, qui permet de relier les serveurs aux noms de domaine.<\/p>\n<p class=\"has-black-color has-text-color\">\u00ab\u00a0A un moment ce matin, Facebook a retir\u00e9 la carte qui permet aux ordinateurs dans le monde de trouver ses diff\u00e9rentes adresses en ligne\u00a0\u00bb, a r\u00e9sum\u00e9 l\u2019expert en cybers\u00e9curit\u00e9 Brian Krebs sur son blog.<\/p>\n<p class=\"has-black-color has-text-color\">Le malheur de Facebook a fait le bonheur de ses concurrents. La messagerie Telegram est pass\u00e9e de la 56e \u00e0 la 5e place des applications gratuites les plus t\u00e9l\u00e9charg\u00e9es aux Etats-Unis, en un jour, selon le cabinet sp\u00e9cialis\u00e9 SensorTower.<\/p>\n<p class=\"has-black-color has-text-color\">\u00ab\u00a0Les inscriptions sont en forte hausse sur Signal (bienvenue tout le monde)\u00a0\u00bb, a aussi tweet\u00e9 cette autre messagerie r\u00e9put\u00e9e pour son cryptage des donn\u00e9es.<\/p>\n<p class=\"has-black-color has-text-color\">La panne r\u00e9galait aussi les utilisateurs fac\u00e9tieux, qui rivalisaient de sarcasmes sur Twitter. D\u2019autres se plaignaient d\u2019\u00eatre coup\u00e9s de leurs contacts, de leur source de revenu ou de leur outil de travail.<\/p>\n<p class=\"has-black-color has-text-color\">Certaines personnes se montraient philosophes, comme Cindy Bennett, une boulang\u00e8re de New York, interview\u00e9e par l\u2019AFP : \u00ab\u00a0en g\u00e9n\u00e9ral, je crois que le monde serait meilleur si tout le monde ne savait pas ce que tous les autres font \u00e0 tout instant du jour et de la nuit\u00a0\u00bb.<\/p>\n<p class=\"has-black-color has-text-color\">L\u2019incident devrait apporter de l\u2019eau au moulin des d\u00e9tracteurs de la soci\u00e9t\u00e9 californienne, car il d\u00e9montre son immense emprise sur la vie quotidienne.<\/p>\n<p class=\"has-black-color has-text-color\">L\u2019impact est encore pire dans les nombreux pays o\u00f9 Facebook est \u00ab\u00a0synonyme de +l\u2019internet+\u00a0\u00bb, ou pour les usagers qui se servent du r\u00e9seau social pour acc\u00e9der \u00e0 d\u2019autres services, souligne Jake Williams, cofondateur de BreachQuest, une entreprise de cybers\u00e9curit\u00e9.<\/p>\n<p class=\"has-black-color has-text-color\">Or les autorit\u00e9s ne manquent d\u00e9j\u00e0 pas d\u2019arguments pour s\u2019attaquer \u00e0 l\u2019entreprise.<br \/>Surtout apr\u00e8s les fuites de documents internes orchestr\u00e9es par Frances Haugen, qui ont permis au Wall Street Journal de publier, mi-septembre, une s\u00e9rie d\u2019articles sur les effets toxiques de Facebook et Instagram pour la soci\u00e9t\u00e9.<br \/>Le plus retentissant d\u2019entre eux d\u00e9taillait les probl\u00e8mes de sant\u00e9 mentale de nombreuses adolescentes confront\u00e9es, image apr\u00e8s image, au mythe du corps f\u00e9minin id\u00e9al. Une d\u00e9rive dont Facebook a parfaitement conscience, selon l\u2019ing\u00e9nieure.<\/p>\n<p class=\"has-black-color has-text-color\">L\u2019audition de mardi doit porter sur ce sujet.<br \/>D\u2019apr\u00e8s des extraits de ses remarques pr\u00e9liminaires publi\u00e9es sur Twitter par des m\u00e9dias am\u00e9ricains, Frances Haugen a pr\u00e9vu d\u2019exhorter les \u00e9lus \u00e0 r\u00e9guler Facebook \u2013 ce que nombre d\u2019entre eux promettent r\u00e9guli\u00e8rement de faire.<br \/>\u00ab\u00a0Quand nous avons r\u00e9alis\u00e9 que les producteurs de tabac dissimulaient les d\u00e9g\u00e2ts qu\u2019ils causaient, le gouvernement a agi. Quand on a compris que les voitures \u00e9taient plus s\u00fbres avec des ceintures de s\u00e9curit\u00e9, le gouvernement a agi\u00a0\u00bb, devrait-elle d\u00e9clarer. \u00ab\u00a0Je vous supplie d\u2019en faire autant\u00a0\u00bb pour Facebook.<\/p>\n<p>L\u2019article <a rel=\"nofollow\" href=\"http:\/\/albayane.press.ma\/facebook-en-pleine-tourmente.html\">Facebook en pleine tourmente<\/a> est apparu en premier sur <a rel=\"nofollow\" href=\"http:\/\/albayane.press.ma\/\">ALBAYANE<\/a>.<\/p>\n<\/div>\n<p>Auteur: M&rsquo;hammed rahal<br \/>\n<a href=\"http:\/\/albayane.press.ma\/facebook-en-pleine-tourmente.html\">Cliquez ici pour lire l&rsquo;article depuis sa source.<\/a><\/p>\n","protected":false},"excerpt":{"rendered":"<p>Panne et scandale Facebook, Instagram, WhatsApp et Messenger, les deux r\u00e9seaux sociaux et les deux messageries du g\u00e9ant californien, \u00e9mergeaient mardi d\u2019une panne sans pr\u00e9c\u00e9dent, qui a plong\u00e9 le groupe dans une double crise apr\u00e8s les r\u00e9v\u00e9lations au grand jour d\u2019une lanceuse d\u2019alerte. L\u2019incident technique constitue la panne \u00ab\u00a0la plus importante jamais observ\u00e9e\u00a0\u00bb par Downdetector, [&hellip;]<\/p>\n","protected":false},"author":1760,"featured_media":0,"comment_status":"closed","ping_status":"closed","sticky":false,"template":"","format":"standard","meta":{"fifu_image_url":"","fifu_image_alt":"","footnotes":""},"categories":[73,54],"tags":[],"class_list":["post-129166","post","type-post","status-publish","format-standard","hentry","category-actualite","category-maroc"],"_links":{"self":[{"href":"https:\/\/linitiative.ca\/International\/wp-json\/wp\/v2\/posts\/129166","targetHints":{"allow":["GET"]}}],"collection":[{"href":"https:\/\/linitiative.ca\/International\/wp-json\/wp\/v2\/posts"}],"about":[{"href":"https:\/\/linitiative.ca\/International\/wp-json\/wp\/v2\/types\/post"}],"author":[{"embeddable":true,"href":"https:\/\/linitiative.ca\/International\/wp-json\/wp\/v2\/users\/1760"}],"replies":[{"embeddable":true,"href":"https:\/\/linitiative.ca\/International\/wp-json\/wp\/v2\/comments?post=129166"}],"version-history":[{"count":0,"href":"https:\/\/linitiative.ca\/International\/wp-json\/wp\/v2\/posts\/129166\/revisions"}],"wp:attachment":[{"href":"https:\/\/linitiative.ca\/International\/wp-json\/wp\/v2\/media?parent=129166"}],"wp:term":[{"taxonomy":"category","embeddable":true,"href":"https:\/\/linitiative.ca\/International\/wp-json\/wp\/v2\/categories?post=129166"},{"taxonomy":"post_tag","embeddable":true,"href":"https:\/\/linitiative.ca\/International\/wp-json\/wp\/v2\/tags?post=129166"}],"curies":[{"name":"wp","href":"https:\/\/api.w.org\/{rel}","templated":true}]}}