{"id":129167,"date":"2021-10-05T14:00:00","date_gmt":"2021-10-05T18:00:00","guid":{"rendered":"https:\/\/linitiative.ca\/International\/france-les-syndicats-donnent-de-la-voix\/"},"modified":"2021-10-05T14:00:00","modified_gmt":"2021-10-05T18:00:00","slug":"france-les-syndicats-donnent-de-la-voix","status":"publish","type":"post","link":"https:\/\/linitiative.ca\/International\/france-les-syndicats-donnent-de-la-voix\/","title":{"rendered":"France : les syndicats donnent de la voix"},"content":{"rendered":"<div>\n<p class=\"has-text-align-center has-vivid-cyan-blue-color has-text-color\"><strong>Salaires, assurance ch\u00f4mage, retraites<\/strong><\/p>\n<p class=\"has-black-color has-text-color\"><strong>Salari\u00e9s et ch\u00f4meurs sont appel\u00e9s \u00e0 faire gr\u00e8ve et \u00e0 manifester mardi dans toute la France pour exiger des \u00ab\u00a0r\u00e9ponses urgentes\u00a0\u00bb, notamment sur la question des salaires, et remettre les questions sociales au coeur du d\u00e9bat, \u00e0 un peu plus de six mois de la pr\u00e9sidentielle.<\/strong><\/p>\n<p class=\"has-black-color has-text-color\">\u00ab\u00a0On a besoin de r\u00e9ponses urgentes maintenant (\u2026) Quand il y a du monde dans la rue, cela p\u00e8se\u00a0\u00bb, a d\u00e9clar\u00e9 le secr\u00e9taire g\u00e9n\u00e9ral de la CGT Philippe Martinez sur LCI lundi. \u00ab\u00a0Il n\u2019est pas question d\u2019attendre le prochain pr\u00e9sident de la R\u00e9publique pour y r\u00e9pondre\u00a0\u00bb, a-t-il insist\u00e9 dans une interview aux Echos mardi. \u00ab\u00a0Quand je vais dans les entreprises, on me parle de salaire, pas d\u2019immigration\u00a0\u00bb.<\/p>\n<p class=\"has-black-color has-text-color\">Quelque 200 points de rassemblement sont pr\u00e9vus partout en France, selon C\u00e9line Verzeletti, secr\u00e9taire conf\u00e9d\u00e9rale de la CGT. \u00ab\u00a0C\u2019est une premi\u00e8re indication qui est positive pour nous\u00a0\u00bb, s\u2019est-elle f\u00e9licit\u00e9e. A Marseille, un cort\u00e8ge a rassembl\u00e9 plusieurs milliers de personnes en fin de matin\u00e9e, a constat\u00e9 une journaliste de l\u2019AFP. A Grenoble, les manifestants \u00e9taient 1.400 selon la police.<\/p>\n<p class=\"has-black-color has-text-color\">La gr\u00e8ve est cependant assez peu suivie dans les transports, la SNCF ayant pr\u00e9vu un trafic \u00ab\u00a0normal\u00a0\u00bb pour les TGV, et \u00ab\u00a0quasi normal\u00a0\u00bb pour les TER, sauf en Normandie o\u00f9 il sera \u00ab\u00a0perturb\u00e9\u00a0\u00bb.<br \/>\u00c0 la RATP, le trafic \u00e9tait normal sur les r\u00e9seaux m\u00e9tro, RER (A et B) et tramway, sauf le tramway T3 A qui \u00e9tait tr\u00e8s perturb\u00e9.<\/p>\n<p class=\"has-black-color has-text-color\">A Paris, o\u00f9 les tractations avec la pr\u00e9fecture ont \u00e9t\u00e9 difficiles, le cort\u00e8ge partira de la place de la R\u00e9publique \u00e0 14H00 en direction d\u2019Op\u00e9ra, avec une dispersion pr\u00e9vue \u00e0 l\u2019angle de la rue La Fayette et de la rue de la Chauss\u00e9e d\u2019Antin. \u00ab\u00a0Plusieurs milliers de personnes sont attendues\u00a0\u00bb, selon une source polici\u00e8re.<\/p>\n<p class=\"has-black-color has-text-color\">Les syndicats CGT, FO, Solidaires, FSU, ainsi que les organisations de jeunesse Fidl, MNL, Unef et l\u2019UNL, avaient appel\u00e9 \u00e0 cette journ\u00e9e interprofessionnelle de gr\u00e8ve et de manifestation le 30 ao\u00fbt.<\/p>\n<p class=\"has-black-color has-text-color\">Ils affirment dans un texte commun \u00ab\u00a0l\u2019urgence de revaloriser les grilles de classifications des branches professionnelles, d\u2019augmenter le Smic, le point d\u2019indice de la fonction publique, les pensions, les minima sociaux et les bourses d\u2019\u00e9tude\u00a0\u00bb.<br \/>Le secr\u00e9taire g\u00e9n\u00e9ral de Force ouvri\u00e8re, Yves Veyrier, a ainsi cit\u00e9 mardi sur France Info comme une \u00ab\u00a0revendication majeure\u00a0\u00bb la \u00ab\u00a0revalorisation d\u2019ampleur de tous les emplois scotch\u00e9s au Smic, sans perspectives d\u2019\u00e9volution, souvent \u00e0 temps partiel, en contrats pr\u00e9caires\u00a0\u00bb, notamment les \u00ab\u00a0emplois de services \u00e0 la personne\u00a0\u00bb.<\/p>\n<p class=\"has-black-color has-text-color\">Cinq des neuf syndicats repr\u00e9sentatifs de la fonction publique ont mis l\u2019accent sur la question des salaires lors d\u2019une conf\u00e9rence de presse lundi. \u00ab\u00a0Il y a une urgence salariale dans la fonction publique et dans le monde du travail\u00a0\u00bb, a jug\u00e9 Ga\u00eblle Martinez, de Solidaires Fonction publique.<\/p>\n<p class=\"has-black-color has-text-color\">L\u2019inflation (+2,1% sur un an en septembre selon une estimation provisoire de l\u2019Insee jeudi) et les bons r\u00e9sultats des entreprises du CAC 40 au premier semestre, sup\u00e9rieurs \u00e0 ceux de 2019, ont remis sur le haut de la pile cette question, souligne Mme Verzeletti.<\/p>\n<p class=\"has-black-color has-text-color\">A Marseille, les revendications salariales \u00e9taient largement mises en avant par les manifestants, parmi lesquels les employ\u00e9s du secteur m\u00e9dical ou m\u00e9dico-social \u00e9taient nombreux.<\/p>\n<p class=\"has-black-color has-text-color\">Selon Ahamada Adjibou, \u00e9ducateur de personnes handicap\u00e9es et d\u00e9l\u00e9gu\u00e9 FO, \u00ab\u00a0plus personne ne veut venir travailler dans l\u2019associatif m\u00e9dico-social, vu les petits salaires (1.800 euros net pour un \u00e9ducateur avec 10 ans d\u2019exp\u00e9rience). R\u00e9sultat: on prend des int\u00e9rimaires, ce qui est d\u00e9sastreux pour les patients suivis qui ont besoin de continuit\u00e9\u00a0\u00bb.<br \/>Partout en France, les rangs des manifestants devraient \u00eatre grossis par les opposants \u00e0 la r\u00e9forme de l\u2019assurance ch\u00f4mage, entr\u00e9e en vigueur vendredi, et qui aboutit \u00e0 r\u00e9duire les indemnit\u00e9s des ch\u00f4meurs \u00ab\u00a0permittents\u00a0\u00bb, encha\u00eenant contrats courts et p\u00e9riodes de ch\u00f4mage.<\/p>\n<p class=\"has-black-color has-text-color\">L\u2019ensemble des syndicats devraient d\u00e9poser des recours contre la r\u00e9forme cette semaine, et notamment le premier d\u2019entre eux, la CFDT, qui n\u2019a cess\u00e9 de la d\u00e9noncer mais ne se joindra pas aux manifestants mardi.<\/p>\n<p class=\"has-black-color has-text-color\">Autre point de vigilance, la question des retraites, qui continue de planer sur la fin de mandat d\u2019Emmanuel Macron et sera un sujet incontournable de la campagne pr\u00e9sidentielle.<\/p>\n<p class=\"has-black-color has-text-color\">La question du pass sanitaire fait aussi partie des mots d\u2019ordre. M\u00eame si la CGT n\u2019a pas appel\u00e9 \u00e0 d\u00e9filer au c\u00f4t\u00e9 des opposants au pass lors de leurs manifestations du samedi, elle est hostile \u00e0 cet instrument et \u00e0 la vaccination obligatoire, des \u00ab\u00a0mesures liberticides\u00a0\u00bb.<\/p>\n<p>L\u2019article <a rel=\"nofollow\" href=\"http:\/\/albayane.press.ma\/france-les-syndicats-donnent-de-la-voix.html\">France : les syndicats donnent de la voix<\/a> est apparu en premier sur <a rel=\"nofollow\" href=\"http:\/\/albayane.press.ma\/\">ALBAYANE<\/a>.<\/p>\n<\/div>\n<p>Auteur: M&rsquo;hammed rahal<br \/>\n<a href=\"http:\/\/albayane.press.ma\/france-les-syndicats-donnent-de-la-voix.html\">Cliquez ici pour lire l&rsquo;article depuis sa source.<\/a><\/p>\n","protected":false},"excerpt":{"rendered":"<p>Salaires, assurance ch\u00f4mage, retraites Salari\u00e9s et ch\u00f4meurs sont appel\u00e9s \u00e0 faire gr\u00e8ve et \u00e0 manifester mardi dans toute la France pour exiger des \u00ab\u00a0r\u00e9ponses urgentes\u00a0\u00bb, notamment sur la question des salaires, et remettre les questions sociales au coeur du d\u00e9bat, \u00e0 un peu plus de six mois de la pr\u00e9sidentielle. \u00ab\u00a0On a besoin de r\u00e9ponses [&hellip;]<\/p>\n","protected":false},"author":1760,"featured_media":0,"comment_status":"closed","ping_status":"closed","sticky":false,"template":"","format":"standard","meta":{"fifu_image_url":"","fifu_image_alt":"","footnotes":""},"categories":[73,54],"tags":[],"class_list":["post-129167","post","type-post","status-publish","format-standard","hentry","category-actualite","category-maroc"],"_links":{"self":[{"href":"https:\/\/linitiative.ca\/International\/wp-json\/wp\/v2\/posts\/129167","targetHints":{"allow":["GET"]}}],"collection":[{"href":"https:\/\/linitiative.ca\/International\/wp-json\/wp\/v2\/posts"}],"about":[{"href":"https:\/\/linitiative.ca\/International\/wp-json\/wp\/v2\/types\/post"}],"author":[{"embeddable":true,"href":"https:\/\/linitiative.ca\/International\/wp-json\/wp\/v2\/users\/1760"}],"replies":[{"embeddable":true,"href":"https:\/\/linitiative.ca\/International\/wp-json\/wp\/v2\/comments?post=129167"}],"version-history":[{"count":0,"href":"https:\/\/linitiative.ca\/International\/wp-json\/wp\/v2\/posts\/129167\/revisions"}],"wp:attachment":[{"href":"https:\/\/linitiative.ca\/International\/wp-json\/wp\/v2\/media?parent=129167"}],"wp:term":[{"taxonomy":"category","embeddable":true,"href":"https:\/\/linitiative.ca\/International\/wp-json\/wp\/v2\/categories?post=129167"},{"taxonomy":"post_tag","embeddable":true,"href":"https:\/\/linitiative.ca\/International\/wp-json\/wp\/v2\/tags?post=129167"}],"curies":[{"name":"wp","href":"https:\/\/api.w.org\/{rel}","templated":true}]}}