{"id":129168,"date":"2021-10-05T14:00:00","date_gmt":"2021-10-05T18:00:00","guid":{"rendered":"https:\/\/linitiative.ca\/International\/philippines-rodrigo-duterte-se-retire-de-la-vie-politique\/"},"modified":"2021-10-05T14:00:00","modified_gmt":"2021-10-05T18:00:00","slug":"philippines-rodrigo-duterte-se-retire-de-la-vie-politique","status":"publish","type":"post","link":"https:\/\/linitiative.ca\/International\/philippines-rodrigo-duterte-se-retire-de-la-vie-politique\/","title":{"rendered":"Philippines : Rodrigo Duterte se retire de la vie politique"},"content":{"rendered":"<div>\n<p class=\"has-text-align-center has-vivid-cyan-blue-color has-text-color\"><strong>Attendons pour voir\u2026<\/strong><\/p>\n<p class=\"has-black-color has-text-color\"><strong>\u00ab Le sentiment dominant chez les Philippins est que je ne suis pas qualifi\u00e9 et que ce serait enfreindre la Constitution que de se pr\u00e9senter \u00e0 la vice-pr\u00e9sidence (\u2026) j\u2019annonce aujourd\u2019hui mon retrait de la politique \u00bb a d\u00e9clar\u00e9, ce samedi, le pr\u00e9sident des Philippines, Rodrigo Duterte, alors que jusqu\u2019\u00e0 ce jour il \u00e9tait consid\u00e9r\u00e9 comme un candidat potentiel \u00e0 la vice-pr\u00e9sidence des Philippines lors de l\u2019\u00e9lection qui aura lieu l\u2019ann\u00e9e prochaine du moment que la Constitution lui interdit de briguer un deuxi\u00e8me mandat de six ann\u00e9es \u00e0 la t\u00eate du pays.<\/strong><\/p>\n<p class=\"has-black-color has-text-color\">Sa fille, Sara Duterte-Carpio, qui lui avait d\u00e9j\u00e0 succ\u00e9d\u00e9 au poste de maire de la ville de Davao, avait d\u00e9clar\u00e9, le mois dernier, qu\u2019apr\u00e8s avoir conclu, avec son g\u00e9niteur, un accord en vertu duquel un seul des deux serait candidat, elle n\u2019entend pas briguer un mandat national en 2022.<\/p>\n<p class=\"has-black-color has-text-color\">Or, pour Antonio La Vina, professeur de droit et de politique \u00e0 l\u2019universit\u00e9 Ateneo de Manille, par cette retraite politique, le pr\u00e9sident Duterte ouvre la voie \u00e0 une candidature de sa fille, \u00e0 la magistrature supr\u00eame du pays lors de la prochaine \u00e9lection pr\u00e9sidentielle car bien que la p\u00e9riode de d\u00e9p\u00f4t des candidatures s\u2019est achev\u00e9e vendredi, les retraits et les remplacements restent autoris\u00e9s jusqu\u2019au 15 novembre.<\/p>\n<p class=\"has-black-color has-text-color\">Mais, en en consid\u00e9rant, par ailleurs,\u00a0 que bien que, pour l\u2019\u00e9lection de 2016, Rodrigo Duterte ne s\u2019\u00e9tait d\u00e9clar\u00e9 candidat qu\u2019au dernier moment, il \u00e9tait quand m\u00eame parvenu \u00e0 remporter ce scrutin haut la main, il est donc fort probable que sa fille n\u2019annonce sa candidature qu\u2019\u00e0 la fin du d\u00e9lai l\u00e9gal.<\/p>\n<p class=\"has-black-color has-text-color\">Pour rappel, Rodrigo Duterte qui reste aussi populaire aujourd\u2019hui qu\u2019au moment o\u00f9 il avait remport\u00e9 la pr\u00e9sidentielle de 2016 apr\u00e8s avoir promis mettre fin aux probl\u00e8mes li\u00e9s au trafic de drogue n\u2019a pas termin\u00e9 la \u00ab croisade \u00bb qu\u2019il avait commenc\u00e9 \u00e0 mener contre les narco-trafiquants et les rebelles.<\/p>\n<p class=\"has-black-color has-text-color\">Aussi, faute de pouvoir briguer un nouveau mandat \u00e0 la t\u00eate des Philippines, pour pouvoir nettoyer le pays des trafiquants de drogue, Rodrigo Duterte avait annonc\u00e9, en Ao\u00fbt dernier, sa candidature \u00e0 la vice-pr\u00e9sidence.<\/p>\n<p class=\"has-black-color has-text-color\">Mais cette annonce avait soulev\u00e9 un toll\u00e9 au sein de l\u2019opposition qui y avait vu un \u00ab \u00e9cran de fum\u00e9e \u00bb et une parade contre d\u2019\u00e9ventuelles poursuites judiciaires car si sa fille, Sara Duterte-Cario, qui est aujourd\u2019hui la mieux plac\u00e9e dans les sondages, parvient \u00e0 la pr\u00e9sidence des Philippines, elle va, sans nul doute, contribuer \u00e0 prot\u00e9ger son p\u00e8re non seulement contre les poursuites p\u00e9nales qu\u2019il encourt dans son pays mais aussi contre celles engag\u00e9es \u00e0 son encontre par la Cour P\u00e9nale Internationale qui a d\u00e9j\u00e0 diligent\u00e9 une enqu\u00eate sur la campagne de lutte contre le trafic de drogue men\u00e9e par le gouvernement de Manille et qui a \u00e9t\u00e9 marqu\u00e9e par des milliers de meurtres commis par les forces de l\u2019ordre.<\/p>\n<p class=\"has-black-color has-text-color\">Parmi les principaux candidats \u00e0 la pr\u00e9sidence des Philippines figurent Ferdinand Marcos, alli\u00e9 du pr\u00e9sident Rodrigo Duterte et fils de l\u2019ancien dictateur qui avait pr\u00e9sid\u00e9 aux destin\u00e9es du pays de 1965 \u00e0 1986, ainsi que Francisco Domagoso alias Isko Moreno, un ancien acteur qui fut \u00e9galement maire de Manille et Manny Pacquiao, une superstar de la boxe.<\/p>\n<p class=\"has-black-color has-text-color\">Enfin, si la proc\u00e9dure d\u2019inscription qui dure une semaine marque le d\u00e9but d\u2019une campagne \u00e9lectorale qui s\u2019\u00e9talera sur sept mois et \u00e0 laquelle ne participera pas Rodrigo Duterte bien que les sondages lui soient favorables, il est certain que celle-ci n\u2019aura pas, comme les pr\u00e9c\u00e9dentes, un caract\u00e8re festif du fait de la pand\u00e9mie et de la mis\u00e8re \u00e9conomique g\u00e9n\u00e9r\u00e9e par les confinements r\u00e9p\u00e9t\u00e9s mais attendons pour voir\u2026<\/p>\n<p class=\"has-black-color has-text-color\"><strong>Nabil EL BOUSAADI\u00a0<\/strong><\/p>\n<p>L\u2019article <a rel=\"nofollow\" href=\"http:\/\/albayane.press.ma\/philippines-rodrigo-duterte-se-retire-de-la-vie-politique.html\">Philippines : Rodrigo Duterte se retire de la vie politique<\/a> est apparu en premier sur <a rel=\"nofollow\" href=\"http:\/\/albayane.press.ma\/\">ALBAYANE<\/a>.<\/p>\n<\/div>\n<p>Auteur: M&rsquo;hammed rahal<br \/>\n<a href=\"http:\/\/albayane.press.ma\/philippines-rodrigo-duterte-se-retire-de-la-vie-politique.html\">Cliquez ici pour lire l&rsquo;article depuis sa source.<\/a><\/p>\n","protected":false},"excerpt":{"rendered":"<p>Attendons pour voir\u2026 \u00ab Le sentiment dominant chez les Philippins est que je ne suis pas qualifi\u00e9 et que ce serait enfreindre la Constitution que de se pr\u00e9senter \u00e0 la vice-pr\u00e9sidence (\u2026) j\u2019annonce aujourd\u2019hui mon retrait de la politique \u00bb a d\u00e9clar\u00e9, ce samedi, le pr\u00e9sident des Philippines, Rodrigo Duterte, alors que jusqu\u2019\u00e0 ce jour [&hellip;]<\/p>\n","protected":false},"author":1760,"featured_media":0,"comment_status":"closed","ping_status":"closed","sticky":false,"template":"","format":"standard","meta":{"fifu_image_url":"","fifu_image_alt":"","footnotes":""},"categories":[73,54],"tags":[],"class_list":["post-129168","post","type-post","status-publish","format-standard","hentry","category-actualite","category-maroc"],"_links":{"self":[{"href":"https:\/\/linitiative.ca\/International\/wp-json\/wp\/v2\/posts\/129168","targetHints":{"allow":["GET"]}}],"collection":[{"href":"https:\/\/linitiative.ca\/International\/wp-json\/wp\/v2\/posts"}],"about":[{"href":"https:\/\/linitiative.ca\/International\/wp-json\/wp\/v2\/types\/post"}],"author":[{"embeddable":true,"href":"https:\/\/linitiative.ca\/International\/wp-json\/wp\/v2\/users\/1760"}],"replies":[{"embeddable":true,"href":"https:\/\/linitiative.ca\/International\/wp-json\/wp\/v2\/comments?post=129168"}],"version-history":[{"count":0,"href":"https:\/\/linitiative.ca\/International\/wp-json\/wp\/v2\/posts\/129168\/revisions"}],"wp:attachment":[{"href":"https:\/\/linitiative.ca\/International\/wp-json\/wp\/v2\/media?parent=129168"}],"wp:term":[{"taxonomy":"category","embeddable":true,"href":"https:\/\/linitiative.ca\/International\/wp-json\/wp\/v2\/categories?post=129168"},{"taxonomy":"post_tag","embeddable":true,"href":"https:\/\/linitiative.ca\/International\/wp-json\/wp\/v2\/tags?post=129168"}],"curies":[{"name":"wp","href":"https:\/\/api.w.org\/{rel}","templated":true}]}}