{"id":129174,"date":"2021-10-06T05:32:29","date_gmt":"2021-10-06T09:32:29","guid":{"rendered":"https:\/\/linitiative.ca\/International\/lancement-de-rema-dedie-a-la-preservation-du-patrimoine-culturel\/"},"modified":"2021-10-06T05:32:29","modified_gmt":"2021-10-06T09:32:29","slug":"lancement-de-rema-dedie-a-la-preservation-du-patrimoine-culturel","status":"publish","type":"post","link":"https:\/\/linitiative.ca\/International\/lancement-de-rema-dedie-a-la-preservation-du-patrimoine-culturel\/","title":{"rendered":"Lancement de \u00ab\u00a0REMA\u00a0\u00bb d\u00e9di\u00e9 \u00e0 la pr\u00e9servation du patrimoine culturel"},"content":{"rendered":"<div>\n<div style=\"margin-bottom:20px;\"><img loading=\"lazy\" decoding=\"async\" width=\"750\" height=\"430\" src=\"https:\/\/linitiative.ca\/International\/wp-content\/uploads\/sites\/23\/2021\/10\/azoulay-copier.jpg\" class=\"attachment-post-thumbnail size-post-thumbnail wp-post-image\" alt=\"\" srcset=\"https:\/\/linitiative.ca\/International\/wp-content\/uploads\/sites\/23\/2021\/10\/azoulay-copier.jpg 750w, http:\/\/www.mapmarrakech.ma\/map\/uploads\/2021\/10\/azoulay-copier-300x172.jpg 300w\" sizes=\"auto, (max-width: 750px) 100vw, 750px\"><\/div>\n<div>\n<p>Financ\u00e9e par l\u2019USAID et mise en \u0153uvre par la Fondation du Haut Atlas (HAF), cette initiative s\u2019assigne pour objectif d\u2019assurer l\u2019impl\u00e9mentation d\u2019une approche participative pour la pr\u00e9servation de l\u2019histoire multiculturelle du Royaume.<\/p>\n<p>\u00ab\u00a0En choisissant Essaouira pour lancer leur programme marocain de soutien au dialogue des religions et \u00e0 l\u2019\u00e9panouissement des minorit\u00e9s, le D\u00e9partement d\u2019Etat et l\u2019USAID s\u2019inscrivent dans le droit fil d\u2019une histoire exaltante dont la Cit\u00e9 des Aliz\u00e9s a \u00e9crit les premi\u00e8res pages \u00e0 la fin du 18\u00e8me si\u00e8cle quand naissaient les \u00c9tats-Unis d\u2019Am\u00e9rique\u00a0\u00bb, a d\u00e9clar\u00e9 M. Andr\u00e9 Azoulay, Conseiller de SM le Roi et Pr\u00e9sident-Fondateur de l\u2019Association Essaouira-Mogador, lors de la c\u00e9r\u00e9monie d\u00e9di\u00e9e au lancement de cette initiative.<\/p>\n<p>Rappelant dans cette perspective que l\u2019un des premiers juifs \u00e9lus dans l\u2019histoire des \u00c9tats-Unis est originaire d\u2019Essaouira et que c\u2019est le grand p\u00e8re de cet \u00e9lu qui \u00e9tait aux c\u00f4t\u00e9s du Sultan Sidi Mohammed Ben Abdadallah quand le Maroc a \u00e9t\u00e9 le premier pays \u00e0 reconna\u00eetre les USA, le Conseiller de SM le Roi a salu\u00e9 la reconnaissance par les \u00c9tats-Unis \u00e0 travers ce programme, de \u00ab\u00a0la centralit\u00e9 et de l\u2019exemplarit\u00e9 de l\u2019\u00e9cole marocaine du dialogue des religions et de la profondeur de la culture de la diversit\u00e9 dans notre pays\u00a0\u00bb.<\/p>\n<p>\u00ab\u00a0Dans un temps et au sein d\u2019une Communaut\u00e9 des Nations en qu\u00eate de rep\u00e8res s\u2019agissant du dialogue de nos civilisations et de la l\u00e9gitimit\u00e9 de toutes nos diversit\u00e9s, cette r\u00e9alit\u00e9 marocaine forte du leadership visionnaire de Sa Majest\u00e9 le Roi, prend encore plus de relief\u00a0\u00bb, a soulign\u00e9 M. Azoulay, en saluant l\u2019initiative am\u00e9ricaine qui va permettre \u00e0 \u00ab\u00a0nos soci\u00e9t\u00e9s civiles, des deux c\u00f4t\u00e9s de l\u2019Atlantique, d\u2019associer leurs talents et d\u2019optimiser leurs engagements pour que s\u2019installe et s\u2019impose une alternative marocaine \u00e0 la culture du d\u00e9ni, de la fracture et du repli communautaire et identitaire\u00a0\u00bb.<\/p>\n<p>De son c\u00f4t\u00e9, le charg\u00e9 d\u2019affaires de l\u2019ambassade des Etats-Unis \u00e0 Rabat, David Greene, a affirm\u00e9 que \u00ab\u00a0la tol\u00e9rance religieuse a, de tout temps, caract\u00e9ris\u00e9 l\u2019Histoire du Maroc\u00a0\u00bb, ajoutant qu\u2019il s\u2019agit \u00e9galement d\u2019un \u00ab\u00a0\u00e9l\u00e9ment essentiel\u00a0\u00bb du partenariat entre les deux pays, \u00ab\u00a0construit et entretenu depuis plusieurs si\u00e8cles\u00a0\u00bb.<\/p>\n<p>\u00ab\u00a0Nous apprenons les uns des autres, notamment les meilleures pratiques sur la fa\u00e7on de c\u00e9l\u00e9brer et de pr\u00e9server l\u2019h\u00e9ritage d\u2019une exp\u00e9rience pacifique\u00a0\u00bb, a-t-il dit.<\/p>\n<p>Pour sa part, le pr\u00e9sident de la Fondation du Haut Atlas, Yossef Ben-Meir, a soulign\u00e9 que les r\u00e9cits de l\u2019Histoire multiculturelle du Maroc sont \u00ab\u00a0riches et uniques\u00a0\u00bb, insistant sur l\u2019importance de l\u2019approche participative pour la mise en \u0153uvre de ce programme qui insiste sur la pr\u00e9servation et le partage de cet h\u00e9ritage avec le monde, ce qui est \u00ab\u00a0inestimable pour notre g\u00e9n\u00e9ration et celles \u00e0 venir\u00a0\u00bb.<\/p>\n<p>Lui embo\u00eetant le pas, M. Tarik Ottmani, nouveau pr\u00e9sident du Conseil communal d\u2019Essaouira et pr\u00e9sident du bureau ex\u00e9cutif de l\u2019Association Essaouira-Mogador, l\u2019une des associations partenaires de ce projet, a indiqu\u00e9 que le choix port\u00e9 sur la Cit\u00e9 des Aliz\u00e9s pour abriter le lancement de ce programme \u00ab\u00a0n\u2019est pas fortuit, compte tenu qu\u2019Essaouira est la ville qui a l\u2019art d\u2019accepter et de savoir vivre avec les diff\u00e9rences et qui ne cesse de contribuer au dialogue des cultures, \u00e0 l\u2019\u00e9change et \u00e0 l\u2019ouverture sur autrui\u00a0\u00bb.<\/p>\n<p>Quant aux pr\u00e9sidents et repr\u00e9sentants d\u2019associations partenaires de ce programme, ils ont pr\u00e9sent\u00e9 les plans d\u2019actions, les projets et les activit\u00e9s men\u00e9s par leurs organisations respectives, notamment ceux en rapport avec la pr\u00e9servation de la diversit\u00e9 et du patrimoine culturel du Royaume, tout en se f\u00e9licitant de cette initiative qui illustre l\u2019excellence des relations s\u00e9culaires unissant le Maroc aux Etats-Unis.<\/p>\n<p>Dot\u00e9 d\u2019une enveloppe de 3 millions USD et ex\u00e9cut\u00e9 localement par des organisations de la soci\u00e9t\u00e9 civile, \u00ab\u00a0REMA\u00a0\u00bb a aussi pour but de consolider la solidarit\u00e9 interreligieuse et interethnique ainsi que les efforts communautaires tendant \u00e0 pr\u00e9server les sites du patrimoine culturel au Maroc, \u00e0 travers le soutien du dialogue et le partage d\u2019exp\u00e9riences, le renforcement des connaissances sur le patrimoine et la pr\u00e9servation de la m\u00e9moire, outre l\u2019engagement sur la voie de l\u2019apprentissage appliqu\u00e9 pour transmettre le multiculturalisme marocain.<\/p>\n<p>La Fondation du Haut Atlas travaillera en \u00e9troite collaboration avec 70 organisations de la soci\u00e9t\u00e9 civile dans certaines communaut\u00e9s, en les aidant \u00e0 enregistrer leurs histoires orales et en veillant \u00e0 ce que ces histoires puissent \u00eatre partag\u00e9es avec les g\u00e9n\u00e9rations futures gr\u00e2ce \u00e0 des programmes \u00e9ducatifs uniques.<\/p>\n<p>Le programme permettra \u00e0 ces communaut\u00e9s d\u2019\u00e9largir leurs r\u00e9seaux de connexions \u00e0 travers le Royaume et de se connecter \u00e0 l\u2019industrie du tourisme et cr\u00e9er ainsi de nouvelles opportunit\u00e9s \u00e9conomiques.<\/p>\n<p>Il engage les communaut\u00e9s locales \u00e0 pr\u00e9server et transmettre leurs exp\u00e9riences et leurs r\u00e9cits collectifs, leur permettant de sauvegarder leur m\u00e9moire collective.<\/p>\n<\/div>\n<p>The post <a rel=\"nofollow\" href=\"http:\/\/www.mapmarrakech.ma\/fr\/lancement-de-rema-dedie-a-la-preservation-du-patrimoine-culturel\/\">Lancement de \u00ab\u00a0REMA\u00a0\u00bb d\u00e9di\u00e9 \u00e0 la pr\u00e9servation du patrimoine culturel<\/a> appeared first on <a rel=\"nofollow\" href=\"http:\/\/www.mapmarrakech.ma\/fr\">MapMarrakech<\/a>.<\/p>\n<\/div>\n<p>Auteur: Meriem IGASS<br \/>\n<a href=\"http:\/\/www.mapmarrakech.ma\/fr\/lancement-de-rema-dedie-a-la-preservation-du-patrimoine-culturel\/\">Cliquez ici pour lire l&rsquo;article depuis sa source.<\/a><\/p>\n","protected":false},"excerpt":{"rendered":"<p>Financ\u00e9e par l\u2019USAID et mise en \u0153uvre par la Fondation du Haut Atlas (HAF), cette initiative s\u2019assigne pour objectif d\u2019assurer l\u2019impl\u00e9mentation d\u2019une approche participative pour la pr\u00e9servation de l\u2019histoire multiculturelle du Royaume. \u00ab\u00a0En choisissant Essaouira pour lancer leur programme marocain de soutien au dialogue des religions et \u00e0 l\u2019\u00e9panouissement des minorit\u00e9s, le D\u00e9partement d\u2019Etat et [&hellip;]<\/p>\n","protected":false},"author":1788,"featured_media":0,"comment_status":"closed","ping_status":"closed","sticky":false,"template":"","format":"standard","meta":{"fifu_image_url":"http:\/\/www.mapmarrakech.ma\/map\/uploads\/2021\/10\/azoulay-copier.jpg","fifu_image_alt":"Lancement de \u00ab\u00a0REMA\u00a0\u00bb d\u00e9di\u00e9 \u00e0 la pr\u00e9servation du patrimoine culturel","footnotes":""},"categories":[54,76],"tags":[],"class_list":["post-129174","post","type-post","status-publish","format-standard","hentry","category-maroc","category-regions"],"_links":{"self":[{"href":"https:\/\/linitiative.ca\/International\/wp-json\/wp\/v2\/posts\/129174","targetHints":{"allow":["GET"]}}],"collection":[{"href":"https:\/\/linitiative.ca\/International\/wp-json\/wp\/v2\/posts"}],"about":[{"href":"https:\/\/linitiative.ca\/International\/wp-json\/wp\/v2\/types\/post"}],"author":[{"embeddable":true,"href":"https:\/\/linitiative.ca\/International\/wp-json\/wp\/v2\/users\/1788"}],"replies":[{"embeddable":true,"href":"https:\/\/linitiative.ca\/International\/wp-json\/wp\/v2\/comments?post=129174"}],"version-history":[{"count":0,"href":"https:\/\/linitiative.ca\/International\/wp-json\/wp\/v2\/posts\/129174\/revisions"}],"wp:attachment":[{"href":"https:\/\/linitiative.ca\/International\/wp-json\/wp\/v2\/media?parent=129174"}],"wp:term":[{"taxonomy":"category","embeddable":true,"href":"https:\/\/linitiative.ca\/International\/wp-json\/wp\/v2\/categories?post=129174"},{"taxonomy":"post_tag","embeddable":true,"href":"https:\/\/linitiative.ca\/International\/wp-json\/wp\/v2\/tags?post=129174"}],"curies":[{"name":"wp","href":"https:\/\/api.w.org\/{rel}","templated":true}]}}