{"id":129182,"date":"2021-10-06T09:09:09","date_gmt":"2021-10-06T13:09:09","guid":{"rendered":"https:\/\/linitiative.ca\/International\/elections-de-la-chambre-des-conseillers-le-rni-en-tete-avec-27-sieges\/"},"modified":"2021-10-06T09:09:09","modified_gmt":"2021-10-06T13:09:09","slug":"elections-de-la-chambre-des-conseillers-le-rni-en-tete-avec-27-sieges","status":"publish","type":"post","link":"https:\/\/linitiative.ca\/International\/elections-de-la-chambre-des-conseillers-le-rni-en-tete-avec-27-sieges\/","title":{"rendered":"\u00c9lections de la Chambre des conseillers: Le RNI en t\u00eate avec 27 si\u00e8ges"},"content":{"rendered":"<div>\n<div style=\"margin-bottom:20px;\"><img loading=\"lazy\" decoding=\"async\" width=\"750\" height=\"430\" src=\"https:\/\/linitiative.ca\/International\/wp-content\/uploads\/sites\/23\/2021\/10\/laftit.jpg\" class=\"attachment-post-thumbnail size-post-thumbnail wp-post-image\" alt=\"\" srcset=\"https:\/\/linitiative.ca\/International\/wp-content\/uploads\/sites\/23\/2021\/10\/laftit.jpg 750w, http:\/\/www.mapmarrakech.ma\/map\/uploads\/2021\/10\/laftit-300x172.jpg 300w\" sizes=\"auto, (max-width: 750px) 100vw, 750px\"><\/div>\n<p>Le Parti Authenticit\u00e9 et Modernit\u00e9 (PAM) est arriv\u00e9 en deuxi\u00e8me position avec 19 si\u00e8ges, suivi du Parti de l\u2019Istiqlal (PI) avec 17 si\u00e8ges, selon des r\u00e9sultats provisoires annonc\u00e9s, mardi soir, dans un communiqu\u00e9 du ministre de l\u2019Int\u00e9rieur.<\/p>\n<p>Le Mouvement populaire (MP) occupe la 4\u00e8me place avec 12 si\u00e8ges, suivi de l\u2019Union socialiste des forces populaires (USFP) avec 8 si\u00e8ges, du Parti Justice et D\u00e9veloppement (3 si\u00e8ges) et de l\u2019Union constitutionnelle (UC) avec 2 si\u00e8ges, ajoute le ministre.<\/p>\n<p>Pour ce qui est des autres partis politiques, au nombre de six, trois ont obtenu un si\u00e8ge chacun, alors qu\u2019un candidat sans appartenance politique a r\u00e9ussi \u00e0 remporter l\u2019\u00e9lection.<\/p>\n<p>S\u2019agissant des si\u00e8ges d\u00e9di\u00e9s au coll\u00e8ge \u00e9lectoral des repr\u00e9sentants des salari\u00e9s, et sur la base des r\u00e9sultats provisoires annonc\u00e9s par les bureaux de vote et les bureaux centralisateurs au niveau national, ils se r\u00e9partissent comme suit : l\u2019Union marocaine du travail (UMT) : 8 si\u00e8ges, l\u2019Union g\u00e9n\u00e9rale des travailleurs du Maroc (UGTM) : 6 si\u00e8ges, la Conf\u00e9d\u00e9ration d\u00e9mocratique du travail (CDT) : 3 si\u00e8ges, l\u2019Union nationale du travail au Maroc (UNTM) : 2 si\u00e8ges et la F\u00e9d\u00e9ration d\u00e9mocratique du travail (FDT) : 1 si\u00e8ge.<\/p>\n<p>Concernant le coll\u00e8ge \u00e9lectoral des repr\u00e9sentants des organisations professionnelles des employeurs les plus repr\u00e9sentatives, les huit si\u00e8ges en lice ont \u00e9t\u00e9 remport\u00e9s par les candidates et candidats appartenant aux organisations r\u00e9gionales ou centrales de la Conf\u00e9d\u00e9ration g\u00e9n\u00e9rale des entreprises du Maroc (CGEM), qui ont pr\u00e9sent\u00e9 leurs candidatures avec l\u2019accr\u00e9ditation de la Conf\u00e9d\u00e9ration ou via des listes ayant obtenu le nombre de signatures exig\u00e9 par la loi.<\/p>\n<p>Le ministre de l\u2019Int\u00e9rieur pr\u00e9cise que ces r\u00e9sultats restent provisoires en attendant leur validation par les commissions r\u00e9gionales de recensement, en vertu des dispositions juridiques en vigueur en ce qui concerne les coll\u00e8ges \u00e9lectoraux des repr\u00e9sentants des collectivit\u00e9s territoriales, des chambres professionnelles, des organisations professionnelles des employeurs les plus repr\u00e9sentatives ainsi que par la commission nationale de recensement pour ce qui est du coll\u00e8ge \u00e9lectoral des repr\u00e9sentants des salari\u00e9s.<\/p>\n<p>The post <a rel=\"nofollow\" href=\"http:\/\/www.mapmarrakech.ma\/fr\/elections-de-la-chambre-des-conseillers-le-rni-en-tete-avec-27-sieges\/\">\u00c9lections de la Chambre des conseillers: Le RNI en t\u00eate avec 27 si\u00e8ges<\/a> appeared first on <a rel=\"nofollow\" href=\"http:\/\/www.mapmarrakech.ma\/fr\">MapMarrakech<\/a>.<\/p>\n<\/div>\n<p>Auteur: Meriem IGASS<br \/>\n<a href=\"http:\/\/www.mapmarrakech.ma\/fr\/elections-de-la-chambre-des-conseillers-le-rni-en-tete-avec-27-sieges\/\">Cliquez ici pour lire l&rsquo;article depuis sa source.<\/a><\/p>\n","protected":false},"excerpt":{"rendered":"<p>Le Parti Authenticit\u00e9 et Modernit\u00e9 (PAM) est arriv\u00e9 en deuxi\u00e8me position avec 19 si\u00e8ges, suivi du Parti de l\u2019Istiqlal (PI) avec 17 si\u00e8ges, selon des r\u00e9sultats provisoires annonc\u00e9s, mardi soir, dans un communiqu\u00e9 du ministre de l\u2019Int\u00e9rieur. Le Mouvement populaire (MP) occupe la 4\u00e8me place avec 12 si\u00e8ges, suivi de l\u2019Union socialiste des forces populaires [&hellip;]<\/p>\n","protected":false},"author":1788,"featured_media":0,"comment_status":"closed","ping_status":"closed","sticky":false,"template":"","format":"standard","meta":{"fifu_image_url":"http:\/\/www.mapmarrakech.ma\/map\/uploads\/2021\/10\/laftit.jpg","fifu_image_alt":"\u00c9lections de la Chambre des conseillers: Le RNI en t\u00eate avec 27 si\u00e8ges","footnotes":""},"categories":[54,76],"tags":[],"class_list":["post-129182","post","type-post","status-publish","format-standard","hentry","category-maroc","category-regions"],"_links":{"self":[{"href":"https:\/\/linitiative.ca\/International\/wp-json\/wp\/v2\/posts\/129182","targetHints":{"allow":["GET"]}}],"collection":[{"href":"https:\/\/linitiative.ca\/International\/wp-json\/wp\/v2\/posts"}],"about":[{"href":"https:\/\/linitiative.ca\/International\/wp-json\/wp\/v2\/types\/post"}],"author":[{"embeddable":true,"href":"https:\/\/linitiative.ca\/International\/wp-json\/wp\/v2\/users\/1788"}],"replies":[{"embeddable":true,"href":"https:\/\/linitiative.ca\/International\/wp-json\/wp\/v2\/comments?post=129182"}],"version-history":[{"count":0,"href":"https:\/\/linitiative.ca\/International\/wp-json\/wp\/v2\/posts\/129182\/revisions"}],"wp:attachment":[{"href":"https:\/\/linitiative.ca\/International\/wp-json\/wp\/v2\/media?parent=129182"}],"wp:term":[{"taxonomy":"category","embeddable":true,"href":"https:\/\/linitiative.ca\/International\/wp-json\/wp\/v2\/categories?post=129182"},{"taxonomy":"post_tag","embeddable":true,"href":"https:\/\/linitiative.ca\/International\/wp-json\/wp\/v2\/tags?post=129182"}],"curies":[{"name":"wp","href":"https:\/\/api.w.org\/{rel}","templated":true}]}}