{"id":129194,"date":"2021-10-06T11:39:07","date_gmt":"2021-10-06T15:39:07","guid":{"rendered":"https:\/\/linitiative.ca\/International\/anciens-combattants-et-militaires-remise-de-logements-a-tanger\/"},"modified":"2021-10-06T11:39:07","modified_gmt":"2021-10-06T15:39:07","slug":"anciens-combattants-et-militaires-remise-de-logements-a-tanger","status":"publish","type":"post","link":"https:\/\/linitiative.ca\/International\/anciens-combattants-et-militaires-remise-de-logements-a-tanger\/","title":{"rendered":"Anciens combattants et militaires: remise de logements \u00e0 Tanger"},"content":{"rendered":"<div>\n<div class=\"field field-name-body field-type-text-with-summary field-label-hidden\">\n<div class=\"field-items\">\n<div class=\"field-item even\" property=\"content:encoded\">\n<p>Des logements ont \u00e9t\u00e9 remis, mercredi \u00e0 Tanger, au profit des familles des martyrs de l\u2019int\u00e9grit\u00e9 territoriale du Royaume.<\/p>\n<p>La d\u00e9l\u00e9gation r\u00e9gionale de la Fondation Hassan II pour les oeuvres sociales des anciens militaires et anciens combattants a ainsi supervis\u00e9, au niveau de la place d&rsquo;armes de Tanger-Larache, la remise des documents de logements au profit de 10 familles des martyrs de la Patrie, relevant du territoire de la d\u00e9l\u00e9gation, et ce lors d\u2019une c\u00e9r\u00e9monie tenue en pr\u00e9sence de responsables militaires et de repr\u00e9sentants d&rsquo;institutions civiles.<\/p>\n<\/div>\n<\/div>\n<\/div>\n<\/div>\n<p>Auteur: mbasraoui<br \/>\n<a href=\"https:\/\/www.leconomiste.com\/flash-infos\/anciens-combattants-et-militaires-remise-de-logements-tanger\">Cliquez ici pour lire l&rsquo;article depuis sa source.<\/a><\/p>\n","protected":false},"excerpt":{"rendered":"<p>Des logements ont \u00e9t\u00e9 remis, mercredi \u00e0 Tanger, au profit des familles des martyrs de l\u2019int\u00e9grit\u00e9 territoriale du Royaume. La d\u00e9l\u00e9gation r\u00e9gionale de la Fondation Hassan II pour les oeuvres sociales des anciens militaires et anciens combattants a ainsi supervis\u00e9, au niveau de la place d&rsquo;armes de Tanger-Larache, la remise des documents de logements au [&hellip;]<\/p>\n","protected":false},"author":1763,"featured_media":0,"comment_status":"closed","ping_status":"closed","sticky":false,"template":"","format":"standard","meta":{"fifu_image_url":"","fifu_image_alt":"","footnotes":""},"categories":[78,54],"tags":[],"class_list":["post-129194","post","type-post","status-publish","format-standard","hentry","category-economie","category-maroc"],"_links":{"self":[{"href":"https:\/\/linitiative.ca\/International\/wp-json\/wp\/v2\/posts\/129194","targetHints":{"allow":["GET"]}}],"collection":[{"href":"https:\/\/linitiative.ca\/International\/wp-json\/wp\/v2\/posts"}],"about":[{"href":"https:\/\/linitiative.ca\/International\/wp-json\/wp\/v2\/types\/post"}],"author":[{"embeddable":true,"href":"https:\/\/linitiative.ca\/International\/wp-json\/wp\/v2\/users\/1763"}],"replies":[{"embeddable":true,"href":"https:\/\/linitiative.ca\/International\/wp-json\/wp\/v2\/comments?post=129194"}],"version-history":[{"count":0,"href":"https:\/\/linitiative.ca\/International\/wp-json\/wp\/v2\/posts\/129194\/revisions"}],"wp:attachment":[{"href":"https:\/\/linitiative.ca\/International\/wp-json\/wp\/v2\/media?parent=129194"}],"wp:term":[{"taxonomy":"category","embeddable":true,"href":"https:\/\/linitiative.ca\/International\/wp-json\/wp\/v2\/categories?post=129194"},{"taxonomy":"post_tag","embeddable":true,"href":"https:\/\/linitiative.ca\/International\/wp-json\/wp\/v2\/tags?post=129194"}],"curies":[{"name":"wp","href":"https:\/\/api.w.org\/{rel}","templated":true}]}}