{"id":129198,"date":"2021-10-06T12:43:51","date_gmt":"2021-10-06T16:43:51","guid":{"rendered":"https:\/\/linitiative.ca\/International\/s2m-rachid-abou-el-bal-nouveau-president-du-directoire\/"},"modified":"2021-10-06T12:43:51","modified_gmt":"2021-10-06T16:43:51","slug":"s2m-rachid-abou-el-bal-nouveau-president-du-directoire","status":"publish","type":"post","link":"https:\/\/linitiative.ca\/International\/s2m-rachid-abou-el-bal-nouveau-president-du-directoire\/","title":{"rendered":"S2M: Rachid Abou El Bal, nouveau pr\u00e9sident du directoire"},"content":{"rendered":"<div>\n<div class=\"field field-name-body field-type-text-with-summary field-label-hidden\">\n<div class=\"field-items\">\n<div class=\"field-item even\" property=\"content:encoded\">\n<p class=\"rtejustify\">Rachid Abou El bal a \u00e9t\u00e9 nomm\u00e9 nouveau pr\u00e9sident du Directoire de S2M \u00e0 compter du 1er novembre 2021. Cette nomination fait suite au d\u00e9part \u00e0 la retraite d\u2019Aziz Daddane. Ce dernier a d\u2019ailleurs \u00e9t\u00e9 sollicit\u00e9 pour rejoindre le Conseil d\u2019administration en qualit\u00e9 de vice-pr\u00e9sident. D\u2019autres nominations ont \u00e9galement \u00e9t\u00e9 faites. Ainsi, M. Mohamed Amarti Riffi, membre du Directoire, est executive vice-president, alors que Omar Masnaoui a \u00e9t\u00e9 d\u00e9sign\u00e9 nouveau membre du Directoire \u00e0 compter du 5 octobre 2021.<\/p>\n<\/div>\n<\/div>\n<\/div>\n<\/div>\n<p>Auteur: hgueye<br \/>\n<a href=\"https:\/\/www.leconomiste.com\/flash-infos\/s2m-rachid-abou-el-bal-nouveau-president-du-directoire\">Cliquez ici pour lire l&rsquo;article depuis sa source.<\/a><\/p>\n","protected":false},"excerpt":{"rendered":"<p>Rachid Abou El bal a \u00e9t\u00e9 nomm\u00e9 nouveau pr\u00e9sident du Directoire de S2M \u00e0 compter du 1er novembre 2021. Cette nomination fait suite au d\u00e9part \u00e0 la retraite d\u2019Aziz Daddane. Ce dernier a d\u2019ailleurs \u00e9t\u00e9 sollicit\u00e9 pour rejoindre le Conseil d\u2019administration en qualit\u00e9 de vice-pr\u00e9sident. D\u2019autres nominations ont \u00e9galement \u00e9t\u00e9 faites. Ainsi, M. Mohamed Amarti [&hellip;]<\/p>\n","protected":false},"author":1763,"featured_media":0,"comment_status":"closed","ping_status":"closed","sticky":false,"template":"","format":"standard","meta":{"fifu_image_url":"","fifu_image_alt":"","footnotes":""},"categories":[78,54],"tags":[],"class_list":["post-129198","post","type-post","status-publish","format-standard","hentry","category-economie","category-maroc"],"_links":{"self":[{"href":"https:\/\/linitiative.ca\/International\/wp-json\/wp\/v2\/posts\/129198","targetHints":{"allow":["GET"]}}],"collection":[{"href":"https:\/\/linitiative.ca\/International\/wp-json\/wp\/v2\/posts"}],"about":[{"href":"https:\/\/linitiative.ca\/International\/wp-json\/wp\/v2\/types\/post"}],"author":[{"embeddable":true,"href":"https:\/\/linitiative.ca\/International\/wp-json\/wp\/v2\/users\/1763"}],"replies":[{"embeddable":true,"href":"https:\/\/linitiative.ca\/International\/wp-json\/wp\/v2\/comments?post=129198"}],"version-history":[{"count":0,"href":"https:\/\/linitiative.ca\/International\/wp-json\/wp\/v2\/posts\/129198\/revisions"}],"wp:attachment":[{"href":"https:\/\/linitiative.ca\/International\/wp-json\/wp\/v2\/media?parent=129198"}],"wp:term":[{"taxonomy":"category","embeddable":true,"href":"https:\/\/linitiative.ca\/International\/wp-json\/wp\/v2\/categories?post=129198"},{"taxonomy":"post_tag","embeddable":true,"href":"https:\/\/linitiative.ca\/International\/wp-json\/wp\/v2\/tags?post=129198"}],"curies":[{"name":"wp","href":"https:\/\/api.w.org\/{rel}","templated":true}]}}