{"id":129200,"date":"2021-10-06T01:28:00","date_gmt":"2021-10-06T05:28:00","guid":{"rendered":"https:\/\/linitiative.ca\/International\/la-perte-de-graisse-localisee-est-elle-possible\/"},"modified":"2021-10-06T01:28:00","modified_gmt":"2021-10-06T05:28:00","slug":"la-perte-de-graisse-localisee-est-elle-possible","status":"publish","type":"post","link":"https:\/\/linitiative.ca\/International\/la-perte-de-graisse-localisee-est-elle-possible\/","title":{"rendered":"La perte de graisse localis\u00e9e est-elle possible ?"},"content":{"rendered":"<div>L&rsquo;ingestion de caf\u00e9ine est associ\u00e9e \u00e0 de meilleures valeurs de perte de poids, si elle est accompagn\u00e9e d&rsquo;un r\u00e9gime et d&rsquo;exercice physique<img loading=\"lazy\" decoding=\"async\" src=\"http:\/\/feeds.feedburner.com\/~r\/GalerieFArtciles\/~4\/hUzfKrH5HU4\" height=\"1\" width=\"1\" alt=\"\"><\/div>\n<p>Auteur:<br \/>\n<a href=\"http:\/\/www.lebuteur.com\/article\/detail?titre=la-perte-de-graisse-localisee-est-elle-possible&#038;id=101254&#038;utm_source=feedburner&#038;utm_medium=feed&#038;utm_campaign=Feed%3A+GalerieFArtciles+%28Les+derniers+articles++-+lebuteur.com%29\">Cliquez ici pour lire l&rsquo;article depuis sa source.<\/a><\/p>\n","protected":false},"excerpt":{"rendered":"<p>L&rsquo;ingestion de caf\u00e9ine est associ\u00e9e \u00e0 de meilleures valeurs de perte de poids, si elle est accompagn\u00e9e d&rsquo;un r\u00e9gime et d&rsquo;exercice physique Auteur: Cliquez ici pour lire l&rsquo;article depuis sa source.<\/p>\n","protected":false},"author":1738,"featured_media":0,"comment_status":"closed","ping_status":"closed","sticky":false,"template":"","format":"standard","meta":{"fifu_image_url":"http:\/\/feeds.feedburner.com\/~r\/GalerieFArtciles\/~4\/hUzfKrH5HU4","fifu_image_alt":"La perte de graisse localis\u00e9e est-elle possible ?","footnotes":""},"categories":[53,75],"tags":[],"class_list":["post-129200","post","type-post","status-publish","format-standard","hentry","category-algerie","category-sport"],"_links":{"self":[{"href":"https:\/\/linitiative.ca\/International\/wp-json\/wp\/v2\/posts\/129200","targetHints":{"allow":["GET"]}}],"collection":[{"href":"https:\/\/linitiative.ca\/International\/wp-json\/wp\/v2\/posts"}],"about":[{"href":"https:\/\/linitiative.ca\/International\/wp-json\/wp\/v2\/types\/post"}],"author":[{"embeddable":true,"href":"https:\/\/linitiative.ca\/International\/wp-json\/wp\/v2\/users\/1738"}],"replies":[{"embeddable":true,"href":"https:\/\/linitiative.ca\/International\/wp-json\/wp\/v2\/comments?post=129200"}],"version-history":[{"count":0,"href":"https:\/\/linitiative.ca\/International\/wp-json\/wp\/v2\/posts\/129200\/revisions"}],"wp:attachment":[{"href":"https:\/\/linitiative.ca\/International\/wp-json\/wp\/v2\/media?parent=129200"}],"wp:term":[{"taxonomy":"category","embeddable":true,"href":"https:\/\/linitiative.ca\/International\/wp-json\/wp\/v2\/categories?post=129200"},{"taxonomy":"post_tag","embeddable":true,"href":"https:\/\/linitiative.ca\/International\/wp-json\/wp\/v2\/tags?post=129200"}],"curies":[{"name":"wp","href":"https:\/\/api.w.org\/{rel}","templated":true}]}}