{"id":129215,"date":"2021-10-06T03:00:00","date_gmt":"2021-10-06T07:00:00","guid":{"rendered":"https:\/\/linitiative.ca\/International\/qui-est-taieb-baccouche\/"},"modified":"2021-10-06T03:00:00","modified_gmt":"2021-10-06T07:00:00","slug":"qui-est-taieb-baccouche","status":"publish","type":"post","link":"https:\/\/linitiative.ca\/International\/qui-est-taieb-baccouche\/","title":{"rendered":"Qui est Taieb Baccouche ?"},"content":{"rendered":"<div><img decoding=\"async\" src=\"https:\/\/linitiative.ca\/International\/wp-content\/uploads\/sites\/23\/2021\/10\/1633455498_article.jpg\" alt=\"Qui est Taieb Baccouche ?\" align=\"left\">\u2022 N\u00e9 \u00e0 Jemmal (Tunisie) en 1944<br \/>\n\u2022 Professeur universitaire sp\u00e9cialiste en linguistique arabe et g\u00e9n\u00e9rale,  militant des droits humains, dirigeant syndicaliste, ancien ministre et  actuellement secr\u00e9taire g\u00e9n\u00e9ral de l\u2019Union du Maghreb arabe (UMA). Ta\u00efeb  Baccouche a occup\u00e9 diff\u00e9rents postes cl\u00e9s en tant qu\u2019homme politique,  militant des droits humains, syndicaliste et universitaire chercheur.<br \/>\n\u2022 Secr\u00e9taire g\u00e9n\u00e9ral de l\u2019Union du Maghreb arabe (depuis le 1er ao\u00fbt 2016)<br \/>\n\u2022 Ministre des Affaires \u00e9trang\u00e8res de Tunisie (f\u00e9vrier 2015 &#8211; janvier 2016)<br \/>\n\u2022 Ministre de l\u2019\u00c9ducation et porte-parole du Conseil des ministres du 17  janvier 2011 au 24 d\u00e9cembre 2011 &#8230;<\/p>\n<\/div>\n<p>Auteur:<br \/>\n<a href=\"https:\/\/www.leaders.com.tn\/article\/32493-qui-est-taieb-baccouche\">Cliquez ici pour lire l&rsquo;article depuis sa source.<\/a><\/p>\n","protected":false},"excerpt":{"rendered":"<p>\u2022 N\u00e9 \u00e0 Jemmal (Tunisie) en 1944 \u2022 Professeur universitaire sp\u00e9cialiste en linguistique arabe et g\u00e9n\u00e9rale, militant des droits humains, dirigeant syndicaliste, ancien ministre et actuellement secr\u00e9taire g\u00e9n\u00e9ral de l\u2019Union du Maghreb arabe (UMA). Ta\u00efeb Baccouche a occup\u00e9 diff\u00e9rents postes cl\u00e9s en tant qu\u2019homme politique, militant des droits humains, syndicaliste et universitaire chercheur. \u2022 Secr\u00e9taire [&hellip;]<\/p>\n","protected":false},"author":1772,"featured_media":0,"comment_status":"closed","ping_status":"closed","sticky":false,"template":"","format":"standard","meta":{"fifu_image_url":"http:\/\/www.leaders.com.tn\/uploads\/content\/thumbnails_small\/1633455498_article.jpg","fifu_image_alt":"Qui est Taieb Baccouche ?","footnotes":""},"categories":[73,55],"tags":[],"class_list":["post-129215","post","type-post","status-publish","format-standard","hentry","category-actualite","category-tunisie"],"_links":{"self":[{"href":"https:\/\/linitiative.ca\/International\/wp-json\/wp\/v2\/posts\/129215","targetHints":{"allow":["GET"]}}],"collection":[{"href":"https:\/\/linitiative.ca\/International\/wp-json\/wp\/v2\/posts"}],"about":[{"href":"https:\/\/linitiative.ca\/International\/wp-json\/wp\/v2\/types\/post"}],"author":[{"embeddable":true,"href":"https:\/\/linitiative.ca\/International\/wp-json\/wp\/v2\/users\/1772"}],"replies":[{"embeddable":true,"href":"https:\/\/linitiative.ca\/International\/wp-json\/wp\/v2\/comments?post=129215"}],"version-history":[{"count":0,"href":"https:\/\/linitiative.ca\/International\/wp-json\/wp\/v2\/posts\/129215\/revisions"}],"wp:attachment":[{"href":"https:\/\/linitiative.ca\/International\/wp-json\/wp\/v2\/media?parent=129215"}],"wp:term":[{"taxonomy":"category","embeddable":true,"href":"https:\/\/linitiative.ca\/International\/wp-json\/wp\/v2\/categories?post=129215"},{"taxonomy":"post_tag","embeddable":true,"href":"https:\/\/linitiative.ca\/International\/wp-json\/wp\/v2\/tags?post=129215"}],"curies":[{"name":"wp","href":"https:\/\/api.w.org\/{rel}","templated":true}]}}