{"id":129217,"date":"2021-10-06T04:09:00","date_gmt":"2021-10-06T08:09:00","guid":{"rendered":"https:\/\/linitiative.ca\/International\/jendouba-bousalem-beja-sur-le-front-de-la-plaque-africaine-ca-bouge-explication\/"},"modified":"2021-10-06T04:09:00","modified_gmt":"2021-10-06T08:09:00","slug":"jendouba-bousalem-beja-sur-le-front-de-la-plaque-africaine-ca-bouge-explication","status":"publish","type":"post","link":"https:\/\/linitiative.ca\/International\/jendouba-bousalem-beja-sur-le-front-de-la-plaque-africaine-ca-bouge-explication\/","title":{"rendered":"Jendouba-Bousalem-B\u00e9ja sur le front de la plaque africaine : \u00e7a bouge ! explication"},"content":{"rendered":"<div><img decoding=\"async\" src=\"https:\/\/linitiative.ca\/International\/wp-content\/uploads\/sites\/23\/2021\/10\/1633509357_article.jpg\" alt=\"Jendouba-Bousalem-B\u00e9ja au front de la plaque africaine : \u00e7a bouge ! explication\" align=\"left\">Par Hakim Gabtni &#8211; Trois s\u00e9ismes ont \u00e9branl\u00e9 la qui\u00e9tude des citoyens du Nord-Ouest tunisien et en particulier le long de l\u2019axe Jendouba-Bousalem-B\u00e9ja, le 5 octobre 2021. Une s\u00e9rie de s\u00e9ismes a frapp\u00e9 dans la soir\u00e9e vers 18h43 puis \u00e0 20h35 et enfin \u00e0 22h57. D\u2019une magnitude consid\u00e9r\u00e9e comme mod\u00e9r\u00e9e mais toutefois tr\u00e8s inqui\u00e9tante (entre 3.8 et 4 sur l\u2019\u00e9chelle de Richter), ces s\u00e9ismes ont \u00e9t\u00e9 ressentis par la population locale et ce en se r\u00e9f\u00e9rant aux t\u00e9moignages des riverains \u00e0 B\u00e9ja, Kasar Bardou (aux abords de la ville de B\u00e9ja), Jendouba, Amdoun, etc. &#8230;<\/p>\n<\/div>\n<p>Auteur:<br \/>\n<a href=\"https:\/\/www.leaders.com.tn\/article\/32495-jendouba-bousalem-beja-au-front-de-la-plaque-africaine-ca-bouge-explication\">Cliquez ici pour lire l&rsquo;article depuis sa source.<\/a><\/p>\n","protected":false},"excerpt":{"rendered":"<p>Par Hakim Gabtni &#8211; Trois s\u00e9ismes ont \u00e9branl\u00e9 la qui\u00e9tude des citoyens du Nord-Ouest tunisien et en particulier le long de l\u2019axe Jendouba-Bousalem-B\u00e9ja, le 5 octobre 2021. Une s\u00e9rie de s\u00e9ismes a frapp\u00e9 dans la soir\u00e9e vers 18h43 puis \u00e0 20h35 et enfin \u00e0 22h57. D\u2019une magnitude consid\u00e9r\u00e9e comme mod\u00e9r\u00e9e mais toutefois tr\u00e8s inqui\u00e9tante (entre [&hellip;]<\/p>\n","protected":false},"author":1772,"featured_media":0,"comment_status":"closed","ping_status":"closed","sticky":false,"template":"","format":"standard","meta":{"fifu_image_url":"http:\/\/www.leaders.com.tn\/uploads\/content\/thumbnails_small\/1633509357_article.jpg","fifu_image_alt":"Jendouba-Bousalem-B\u00e9ja sur le front de la plaque africaine : \u00e7a bouge ! explication","footnotes":""},"categories":[73,55],"tags":[],"class_list":["post-129217","post","type-post","status-publish","format-standard","hentry","category-actualite","category-tunisie"],"_links":{"self":[{"href":"https:\/\/linitiative.ca\/International\/wp-json\/wp\/v2\/posts\/129217","targetHints":{"allow":["GET"]}}],"collection":[{"href":"https:\/\/linitiative.ca\/International\/wp-json\/wp\/v2\/posts"}],"about":[{"href":"https:\/\/linitiative.ca\/International\/wp-json\/wp\/v2\/types\/post"}],"author":[{"embeddable":true,"href":"https:\/\/linitiative.ca\/International\/wp-json\/wp\/v2\/users\/1772"}],"replies":[{"embeddable":true,"href":"https:\/\/linitiative.ca\/International\/wp-json\/wp\/v2\/comments?post=129217"}],"version-history":[{"count":0,"href":"https:\/\/linitiative.ca\/International\/wp-json\/wp\/v2\/posts\/129217\/revisions"}],"wp:attachment":[{"href":"https:\/\/linitiative.ca\/International\/wp-json\/wp\/v2\/media?parent=129217"}],"wp:term":[{"taxonomy":"category","embeddable":true,"href":"https:\/\/linitiative.ca\/International\/wp-json\/wp\/v2\/categories?post=129217"},{"taxonomy":"post_tag","embeddable":true,"href":"https:\/\/linitiative.ca\/International\/wp-json\/wp\/v2\/tags?post=129217"}],"curies":[{"name":"wp","href":"https:\/\/api.w.org\/{rel}","templated":true}]}}