{"id":129219,"date":"2021-10-06T10:00:00","date_gmt":"2021-10-06T14:00:00","guid":{"rendered":"https:\/\/linitiative.ca\/International\/kais-saied-acte-ii\/"},"modified":"2021-10-06T10:00:00","modified_gmt":"2021-10-06T14:00:00","slug":"kais-saied-acte-ii","status":"publish","type":"post","link":"https:\/\/linitiative.ca\/International\/kais-saied-acte-ii\/","title":{"rendered":"Ka\u00efs Sa\u00efed: Acte II"},"content":{"rendered":"<div><img decoding=\"async\" src=\"https:\/\/linitiative.ca\/International\/wp-content\/uploads\/sites\/23\/2021\/10\/1633521876_article.jpg\" alt=\"Ka\u00efs Sa\u00efed: Acte II\" align=\"left\">Pr\u00e9visible ! La suite logique des mesures prises le 25 juillet dernier est de les adosser d\u00e9sormais \u00e0 une petite constitution. C\u2019est fait avec le d\u00e9cret pr\u00e9sidentiel n\u00b0 2021-117 du 22 septembre 2021, relatif aux mesures exceptionnelles. A peine publi\u00e9 au Journal officiel, il a d\u00e9clench\u00e9 une avalanche de fortes contestations que les proches du pr\u00e9sident Ka\u00efs Sa\u00efed ont vite balay\u00e9es d\u2019un revers de la main. \u00ab Viol de la constitution \u00bb, \u00ab abus de droit \u00bb, \u00ab concentration dangereuse de tous les pouvoirs \u00bb, \u00abautocratie \u00bb et \u00ab mainmise absolue sur l\u2019Etat \u00bb : aucune accusation n\u2019a manqu\u00e9 au concert des voix v\u00e9h\u00e9mentes qui se sont \u00e9lev\u00e9es ici et l\u00e0.<br \/>\nSi la presse &#8230;<\/p>\n<\/div>\n<p>Auteur:<br \/>\n<a href=\"https:\/\/www.leaders.com.tn\/article\/32496-kais-saied-acte-ii\">Cliquez ici pour lire l&rsquo;article depuis sa source.<\/a><\/p>\n","protected":false},"excerpt":{"rendered":"<p>Pr\u00e9visible ! La suite logique des mesures prises le 25 juillet dernier est de les adosser d\u00e9sormais \u00e0 une petite constitution. C\u2019est fait avec le d\u00e9cret pr\u00e9sidentiel n\u00b0 2021-117 du 22 septembre 2021, relatif aux mesures exceptionnelles. A peine publi\u00e9 au Journal officiel, il a d\u00e9clench\u00e9 une avalanche de fortes contestations que les proches du [&hellip;]<\/p>\n","protected":false},"author":1772,"featured_media":0,"comment_status":"closed","ping_status":"closed","sticky":false,"template":"","format":"standard","meta":{"fifu_image_url":"http:\/\/www.leaders.com.tn\/uploads\/content\/thumbnails_small\/1633521876_article.jpg","fifu_image_alt":"Ka\u00efs Sa\u00efed: Acte II","footnotes":""},"categories":[73,55],"tags":[],"class_list":["post-129219","post","type-post","status-publish","format-standard","hentry","category-actualite","category-tunisie"],"_links":{"self":[{"href":"https:\/\/linitiative.ca\/International\/wp-json\/wp\/v2\/posts\/129219","targetHints":{"allow":["GET"]}}],"collection":[{"href":"https:\/\/linitiative.ca\/International\/wp-json\/wp\/v2\/posts"}],"about":[{"href":"https:\/\/linitiative.ca\/International\/wp-json\/wp\/v2\/types\/post"}],"author":[{"embeddable":true,"href":"https:\/\/linitiative.ca\/International\/wp-json\/wp\/v2\/users\/1772"}],"replies":[{"embeddable":true,"href":"https:\/\/linitiative.ca\/International\/wp-json\/wp\/v2\/comments?post=129219"}],"version-history":[{"count":0,"href":"https:\/\/linitiative.ca\/International\/wp-json\/wp\/v2\/posts\/129219\/revisions"}],"wp:attachment":[{"href":"https:\/\/linitiative.ca\/International\/wp-json\/wp\/v2\/media?parent=129219"}],"wp:term":[{"taxonomy":"category","embeddable":true,"href":"https:\/\/linitiative.ca\/International\/wp-json\/wp\/v2\/categories?post=129219"},{"taxonomy":"post_tag","embeddable":true,"href":"https:\/\/linitiative.ca\/International\/wp-json\/wp\/v2\/tags?post=129219"}],"curies":[{"name":"wp","href":"https:\/\/api.w.org\/{rel}","templated":true}]}}