{"id":129221,"date":"2021-10-06T14:52:00","date_gmt":"2021-10-06T18:52:00","guid":{"rendered":"https:\/\/linitiative.ca\/International\/banque-centrale-de-tunisie-profonde-preoccupation-face-a-la-situation-financiere-critique\/"},"modified":"2021-10-06T14:52:00","modified_gmt":"2021-10-06T18:52:00","slug":"banque-centrale-de-tunisie-profonde-preoccupation-face-a-la-situation-financiere-critique","status":"publish","type":"post","link":"https:\/\/linitiative.ca\/International\/banque-centrale-de-tunisie-profonde-preoccupation-face-a-la-situation-financiere-critique\/","title":{"rendered":"Banque centrale de Tunisie : Profonde pr\u00e9occupation face \u00e0 la situation financi\u00e8re critique"},"content":{"rendered":"<div><img decoding=\"async\" src=\"https:\/\/linitiative.ca\/International\/wp-content\/uploads\/sites\/23\/2021\/10\/1633542772_article.jpg\" alt=\"Maruane Abbasssi\" align=\"left\">La Banque centrale de Tunisie (BCT) s\u2019est d\u00e9clar\u00e9e \u00ab\u00a0pr\u00e9occup\u00e9e par le tarissement aigu des ressources financi\u00e8res ext\u00e9rieures, face aux besoins importants pour boucler le Budget de l\u2019Etat pour l\u2019ann\u00e9e 2021\u00a0\u00bb, y voyant la traduction de \u00ab craintes des bailleurs de fonds internationaux au vu de la d\u00e9t\u00e9rioration de la notation souveraine de la Tunisie et l\u2019absence d\u2019un nouveau programme avec le FMI\u00a0\u00bb. Elle a tir\u00e9 la sonnette d\u2019alarme quant \u00e0 \u00ab\u00a0la d\u00e9gradation des finances publiques, p\u00e2tissant de leur situation vuln\u00e9rable, ainsi que la hausse des cours internationaux du p\u00e9trole\u00a0\u00bb, qui \u00ab\u00a0sont de nature \u00e0 compromettre la soutenabilit\u00e9 de la dette publique, &#8230;<\/p>\n<\/div>\n<p>Auteur:<br \/>\n<a href=\"https:\/\/www.leaders.com.tn\/article\/32499-banque-centrale-de-tunisie-profonde-preoccupation-face-a-la-situation-financiere-critique\">Cliquez ici pour lire l&rsquo;article depuis sa source.<\/a><\/p>\n","protected":false},"excerpt":{"rendered":"<p>La Banque centrale de Tunisie (BCT) s\u2019est d\u00e9clar\u00e9e \u00ab\u00a0pr\u00e9occup\u00e9e par le tarissement aigu des ressources financi\u00e8res ext\u00e9rieures, face aux besoins importants pour boucler le Budget de l\u2019Etat pour l\u2019ann\u00e9e 2021\u00a0\u00bb, y voyant la traduction de \u00ab craintes des bailleurs de fonds internationaux au vu de la d\u00e9t\u00e9rioration de la notation souveraine de la Tunisie et [&hellip;]<\/p>\n","protected":false},"author":1772,"featured_media":0,"comment_status":"closed","ping_status":"closed","sticky":false,"template":"","format":"standard","meta":{"fifu_image_url":"http:\/\/www.leaders.com.tn\/uploads\/content\/thumbnails_small\/1633542772_article.jpg","fifu_image_alt":"Banque centrale de Tunisie : Profonde pr\u00e9occupation face \u00e0 la situation financi\u00e8re critique","footnotes":""},"categories":[73,55],"tags":[],"class_list":["post-129221","post","type-post","status-publish","format-standard","hentry","category-actualite","category-tunisie"],"_links":{"self":[{"href":"https:\/\/linitiative.ca\/International\/wp-json\/wp\/v2\/posts\/129221","targetHints":{"allow":["GET"]}}],"collection":[{"href":"https:\/\/linitiative.ca\/International\/wp-json\/wp\/v2\/posts"}],"about":[{"href":"https:\/\/linitiative.ca\/International\/wp-json\/wp\/v2\/types\/post"}],"author":[{"embeddable":true,"href":"https:\/\/linitiative.ca\/International\/wp-json\/wp\/v2\/users\/1772"}],"replies":[{"embeddable":true,"href":"https:\/\/linitiative.ca\/International\/wp-json\/wp\/v2\/comments?post=129221"}],"version-history":[{"count":0,"href":"https:\/\/linitiative.ca\/International\/wp-json\/wp\/v2\/posts\/129221\/revisions"}],"wp:attachment":[{"href":"https:\/\/linitiative.ca\/International\/wp-json\/wp\/v2\/media?parent=129221"}],"wp:term":[{"taxonomy":"category","embeddable":true,"href":"https:\/\/linitiative.ca\/International\/wp-json\/wp\/v2\/categories?post=129221"},{"taxonomy":"post_tag","embeddable":true,"href":"https:\/\/linitiative.ca\/International\/wp-json\/wp\/v2\/tags?post=129221"}],"curies":[{"name":"wp","href":"https:\/\/api.w.org\/{rel}","templated":true}]}}