{"id":129236,"date":"2021-10-06T13:04:26","date_gmt":"2021-10-06T17:04:26","guid":{"rendered":"https:\/\/linitiative.ca\/International\/officiel-staffan-de-mistura-nouvel-emissaire-de-lonu-au-sahara\/"},"modified":"2021-10-06T13:04:26","modified_gmt":"2021-10-06T17:04:26","slug":"officiel-staffan-de-mistura-nouvel-emissaire-de-lonu-au-sahara","status":"publish","type":"post","link":"https:\/\/linitiative.ca\/International\/officiel-staffan-de-mistura-nouvel-emissaire-de-lonu-au-sahara\/","title":{"rendered":"Officiel: Staffan De Mistura nouvel \u00e9missaire de l\u2019ONU au Sahara"},"content":{"rendered":"<div><img decoding=\"async\" width=\"708\" height=\"399\" src=\"https:\/\/linitiative.ca\/International\/wp-content\/uploads\/sites\/23\/2021\/10\/de-misturaa.jpg\" class=\"attachment-post-thumbnail size-post-thumbnail wp-post-image\" alt=\"\" loading=\"lazy\" srcset=\"https:\/\/linitiative.ca\/International\/wp-content\/uploads\/sites\/23\/2021\/10\/de-misturaa.jpg 708w, https:\/\/www.challenge.ma\/wp-content\/uploads\/2021\/10\/de-misturaa-300x169.jpg 300w, https:\/\/www.challenge.ma\/wp-content\/uploads\/2021\/10\/de-misturaa-360x203.jpg 360w\" sizes=\"auto, (max-width: 708px) 100vw, 708px\" itemprop=\"image\">Le diplomate italo-su\u00e9dois, Staffan De Mistura, a \u00e9t\u00e9 nomm\u00e9 au poste vacant d\u2019\u00e9missaire des Nations unies pour le Sahara, selon des sources m\u00e9diatiques.\u00a0 L\u2019\u00e9missaire a \u00e9t\u00e9 accept\u00e9 par les deux parties et vient d\u2019\u00eatre nomm\u00e9 au poste \u00a0vacant depuis la d\u00e9mission de l\u2019Allemand Horst Kohler en 2019. Staffan De Mistura,<\/div>\n<p>Auteur: challenge<br \/>\n<a href=\"https:\/\/www.challenge.ma\/officiel-staffan-de-mistura-nouvel-emissaire-de-lonu-au-sahara-222694\/\">Cliquez ici pour lire l&rsquo;article depuis sa source.<\/a><\/p>\n","protected":false},"excerpt":{"rendered":"<p>Le diplomate italo-su\u00e9dois, Staffan De Mistura, a \u00e9t\u00e9 nomm\u00e9 au poste vacant d\u2019\u00e9missaire des Nations unies pour le Sahara, selon des sources m\u00e9diatiques.\u00a0 L\u2019\u00e9missaire a \u00e9t\u00e9 accept\u00e9 par les deux parties et vient d\u2019\u00eatre nomm\u00e9 au poste \u00a0vacant depuis la d\u00e9mission de l\u2019Allemand Horst Kohler en 2019. Staffan De Mistura, Auteur: challenge Cliquez ici pour [&hellip;]<\/p>\n","protected":false},"author":1787,"featured_media":0,"comment_status":"closed","ping_status":"closed","sticky":false,"template":"","format":"standard","meta":{"fifu_image_url":"https:\/\/www.challenge.ma\/wp-content\/uploads\/2021\/10\/de-misturaa.jpg","fifu_image_alt":"Officiel: Staffan De Mistura nouvel \u00e9missaire de l\u2019ONU au Sahara","footnotes":""},"categories":[78,54],"tags":[],"class_list":["post-129236","post","type-post","status-publish","format-standard","hentry","category-economie","category-maroc"],"_links":{"self":[{"href":"https:\/\/linitiative.ca\/International\/wp-json\/wp\/v2\/posts\/129236","targetHints":{"allow":["GET"]}}],"collection":[{"href":"https:\/\/linitiative.ca\/International\/wp-json\/wp\/v2\/posts"}],"about":[{"href":"https:\/\/linitiative.ca\/International\/wp-json\/wp\/v2\/types\/post"}],"author":[{"embeddable":true,"href":"https:\/\/linitiative.ca\/International\/wp-json\/wp\/v2\/users\/1787"}],"replies":[{"embeddable":true,"href":"https:\/\/linitiative.ca\/International\/wp-json\/wp\/v2\/comments?post=129236"}],"version-history":[{"count":0,"href":"https:\/\/linitiative.ca\/International\/wp-json\/wp\/v2\/posts\/129236\/revisions"}],"wp:attachment":[{"href":"https:\/\/linitiative.ca\/International\/wp-json\/wp\/v2\/media?parent=129236"}],"wp:term":[{"taxonomy":"category","embeddable":true,"href":"https:\/\/linitiative.ca\/International\/wp-json\/wp\/v2\/categories?post=129236"},{"taxonomy":"post_tag","embeddable":true,"href":"https:\/\/linitiative.ca\/International\/wp-json\/wp\/v2\/tags?post=129236"}],"curies":[{"name":"wp","href":"https:\/\/api.w.org\/{rel}","templated":true}]}}