{"id":129238,"date":"2021-10-06T15:13:15","date_gmt":"2021-10-06T19:13:15","guid":{"rendered":"https:\/\/linitiative.ca\/International\/tunisie-qatar-entretien-telephonique-entre-kais-saied-et-lemir-du-qatar\/"},"modified":"2021-10-06T15:13:15","modified_gmt":"2021-10-06T19:13:15","slug":"tunisie-qatar-entretien-telephonique-entre-kais-saied-et-lemir-du-qatar","status":"publish","type":"post","link":"https:\/\/linitiative.ca\/International\/tunisie-qatar-entretien-telephonique-entre-kais-saied-et-lemir-du-qatar\/","title":{"rendered":"Tunisie-Qatar : Entretien t\u00e9l\u00e9phonique entre Kais Saied et l\u2019Emir du Qatar"},"content":{"rendered":"<div>\n<p>Le pr\u00e9sident de la R\u00e9publique, Kais Saied s\u2019est entretenu par t\u00e9l\u00e9phone avec l\u2019\u00e9mir du Qatar, Tamim Bin Hamad Al Thani, cet apr\u00e8s-midi, mercredi 06 octobre 2021. L\u2019entretien t\u00e9l\u00e9phonique a port\u00e9 sur les relations fraternelles fortes existant entre les deux pays ont, et le souci commun de les d\u00e9velopper davantage dans tous les domaines. Le chef [\u2026]<\/p>\n<p>L\u2019article <a href=\"https:\/\/www.tunisienumerique.com\/tunisie-qatar-entretien-telephonique-entre-kais-saied-et-lemir-du-qatar\/\">Tunisie-Qatar : Entretien t\u00e9l\u00e9phonique entre Kais Saied et l\u2019Emir du Qatar<\/a> est apparu en premier sur <a href=\"https:\/\/www.tunisienumerique.com\/\">Tunisie<\/a>.<\/p>\n<\/div>\n<p>Auteur: rania ben slimane<br \/>\n<a href=\"https:\/\/www.tunisienumerique.com\/tunisie-qatar-entretien-telephonique-entre-kais-saied-et-lemir-du-qatar\/\">Cliquez ici pour lire l&rsquo;article depuis sa source.<\/a><\/p>\n","protected":false},"excerpt":{"rendered":"<p>Le pr\u00e9sident de la R\u00e9publique, Kais Saied s\u2019est entretenu par t\u00e9l\u00e9phone avec l\u2019\u00e9mir du Qatar, Tamim Bin Hamad Al Thani, cet apr\u00e8s-midi, mercredi 06 octobre 2021. L\u2019entretien t\u00e9l\u00e9phonique a port\u00e9 sur les relations fraternelles fortes existant entre les deux pays ont, et le souci commun de les d\u00e9velopper davantage dans tous les domaines. Le chef [&hellip;]<\/p>\n","protected":false},"author":1789,"featured_media":0,"comment_status":"closed","ping_status":"closed","sticky":false,"template":"","format":"standard","meta":{"fifu_image_url":"","fifu_image_alt":"","footnotes":""},"categories":[73,55],"tags":[],"class_list":["post-129238","post","type-post","status-publish","format-standard","hentry","category-actualite","category-tunisie"],"_links":{"self":[{"href":"https:\/\/linitiative.ca\/International\/wp-json\/wp\/v2\/posts\/129238","targetHints":{"allow":["GET"]}}],"collection":[{"href":"https:\/\/linitiative.ca\/International\/wp-json\/wp\/v2\/posts"}],"about":[{"href":"https:\/\/linitiative.ca\/International\/wp-json\/wp\/v2\/types\/post"}],"author":[{"embeddable":true,"href":"https:\/\/linitiative.ca\/International\/wp-json\/wp\/v2\/users\/1789"}],"replies":[{"embeddable":true,"href":"https:\/\/linitiative.ca\/International\/wp-json\/wp\/v2\/comments?post=129238"}],"version-history":[{"count":0,"href":"https:\/\/linitiative.ca\/International\/wp-json\/wp\/v2\/posts\/129238\/revisions"}],"wp:attachment":[{"href":"https:\/\/linitiative.ca\/International\/wp-json\/wp\/v2\/media?parent=129238"}],"wp:term":[{"taxonomy":"category","embeddable":true,"href":"https:\/\/linitiative.ca\/International\/wp-json\/wp\/v2\/categories?post=129238"},{"taxonomy":"post_tag","embeddable":true,"href":"https:\/\/linitiative.ca\/International\/wp-json\/wp\/v2\/tags?post=129238"}],"curies":[{"name":"wp","href":"https:\/\/api.w.org\/{rel}","templated":true}]}}